{"id":2601,"date":"2025-01-26T12:50:37","date_gmt":"2025-01-26T11:50:37","guid":{"rendered":"https:\/\/casadelacorte.evolucion.center\/?p=2601"},"modified":"2025-01-26T12:58:25","modified_gmt":"2025-01-26T11:58:25","slug":"elementor-2601","status":"publish","type":"post","link":"https:\/\/casadelacorte.evolucion.center\/?p=2601","title":{"rendered":"Descubre la Sierra de Aracena desde la Hospeder\u00eda de la Corte"},"content":{"rendered":"\t\t<div data-elementor-type=\"wp-post\" data-elementor-id=\"2601\" class=\"elementor elementor-2601\">\n\t\t\t\t\t\t<section class=\"elementor-section elementor-top-section elementor-element elementor-element-15114dad elementor-section-content-middle elementor-section-height-min-height elementor-section-items-stretch elementor-reverse-tablet elementor-reverse-mobile elementor-section-boxed elementor-section-height-default\" data-id=\"15114dad\" data-element_type=\"section\" data-e-type=\"section\" data-settings=\"{&quot;background_background&quot;:&quot;classic&quot;}\">\n\t\t\t\t\t\t<div class=\"elementor-container elementor-column-gap-default\">\n\t\t\t\t\t<div class=\"elementor-column elementor-col-50 elementor-top-column elementor-element elementor-element-76a88f50\" data-id=\"76a88f50\" data-element_type=\"column\" data-e-type=\"column\">\n\t\t\t<div class=\"elementor-widget-wrap elementor-element-populated\">\n\t\t\t\t\t\t<div class=\"elementor-element elementor-element-4b4c184f elementor-widget elementor-widget-heading\" data-id=\"4b4c184f\" data-element_type=\"widget\" data-e-type=\"widget\" data-widget_type=\"heading.default\">\n\t\t\t\t<div class=\"elementor-widget-container\">\n\t\t\t\t\t<h2 class=\"elementor-heading-title elementor-size-default\">Tu casa rural en la sierra de aracena<\/h2>\t\t\t\t<\/div>\n\t\t\t\t<\/div>\n\t\t\t\t<div class=\"elementor-element elementor-element-24b68a3b elementor-widget elementor-widget-heading\" data-id=\"24b68a3b\" data-element_type=\"widget\" data-e-type=\"widget\" data-widget_type=\"heading.default\">\n\t\t\t\t<div class=\"elementor-widget-container\">\n\t\t\t\t\t<h2 class=\"elementor-heading-title elementor-size-default\">Tu casa rural en la Sierra de Aracena<\/h2>\t\t\t\t<\/div>\n\t\t\t\t<\/div>\n\t\t\t\t<div class=\"elementor-element elementor-element-21cc15f elementor-hidden-tablet elementor-widget elementor-widget-text-editor\" data-id=\"21cc15f\" data-element_type=\"widget\" data-e-type=\"widget\" data-widget_type=\"text-editor.default\">\n\t\t\t\t<div class=\"elementor-widget-container\">\n\t\t\t\t\t\t\t\t\t<p>Ubicada en el encantador pueblo de Corteconcepci\u00f3n, en pleno coraz\u00f3n del Parque Natural de la Sierra de Aracena y Picos de Aroche, la Hospeder\u00eda de la Corte es la mejor casa rural de la regi\u00f3n, reconocida con tres premios de alcance mundial, nacional y provincial en los \u00faltimos cuatro meses. Aqu\u00ed, el confort, la autenticidad y el precio se combinan para ofrecer una experiencia inolvidable en uno de los entornos m\u00e1s bellos de Andaluc\u00eda.<\/p>\t\t\t\t\t\t\t\t<\/div>\n\t\t\t\t<\/div>\n\t\t\t\t<div class=\"elementor-element elementor-element-3f9ac820 elementor-shape-circle e-grid-align-left e-grid-align-tablet-center elementor-grid-0 elementor-widget elementor-widget-social-icons\" data-id=\"3f9ac820\" data-element_type=\"widget\" data-e-type=\"widget\" data-widget_type=\"social-icons.default\">\n\t\t\t\t<div class=\"elementor-widget-container\">\n\t\t\t\t\t\t\t<div class=\"elementor-social-icons-wrapper elementor-grid\" role=\"list\">\n\t\t\t\t\t\t\t<span class=\"elementor-grid-item\" role=\"listitem\">\n\t\t\t\t\t<a class=\"elementor-icon elementor-social-icon elementor-social-icon-facebook-f elementor-repeater-item-838912c\" href=\"https:\/\/www.facebook.com\/hospederiadelacorte\/\" target=\"_blank\">\n\t\t\t\t\t\t<span class=\"elementor-screen-only\">Facebook-f<\/span>\n\t\t\t\t\t\t<i aria-hidden=\"true\" class=\"fab fa-facebook-f\"><\/i>\t\t\t\t\t<\/a>\n\t\t\t\t<\/span>\n\t\t\t\t\t\t\t<span class=\"elementor-grid-item\" role=\"listitem\">\n\t\t\t\t\t<a class=\"elementor-icon elementor-social-icon elementor-social-icon-facebook-f elementor-repeater-item-7dcb72e\" href=\"https:\/\/www.facebook.com\/evolucion.center.es\/\" target=\"_blank\">\n\t\t\t\t\t\t<span class=\"elementor-screen-only\">Facebook-f<\/span>\n\t\t\t\t\t\t<i aria-hidden=\"true\" class=\"fab fa-facebook-f\"><\/i>\t\t\t\t\t<\/a>\n\t\t\t\t<\/span>\n\t\t\t\t\t\t\t<span class=\"elementor-grid-item\" role=\"listitem\">\n\t\t\t\t\t<a class=\"elementor-icon elementor-social-icon elementor-social-icon-instagram elementor-repeater-item-92b71f7\" href=\"https:\/\/www.instagram.com\/hospederia_delacorte\/\" target=\"_blank\">\n\t\t\t\t\t\t<span class=\"elementor-screen-only\">Instagram<\/span>\n\t\t\t\t\t\t<i aria-hidden=\"true\" class=\"fab fa-instagram\"><\/i>\t\t\t\t\t<\/a>\n\t\t\t\t<\/span>\n\t\t\t\t\t\t\t<span class=\"elementor-grid-item\" role=\"listitem\">\n\t\t\t\t\t<a class=\"elementor-icon elementor-social-icon elementor-social-icon-instagram elementor-repeater-item-ac61a02\" href=\"https:\/\/www.instagram.com\/evolucion.center\/\" target=\"_blank\">\n\t\t\t\t\t\t<span class=\"elementor-screen-only\">Instagram<\/span>\n\t\t\t\t\t\t<i aria-hidden=\"true\" class=\"fab fa-instagram\"><\/i>\t\t\t\t\t<\/a>\n\t\t\t\t<\/span>\n\t\t\t\t\t<\/div>\n\t\t\t\t\t\t<\/div>\n\t\t\t\t<\/div>\n\t\t\t\t\t<\/div>\n\t\t<\/div>\n\t\t\t\t<div class=\"elementor-column elementor-col-50 elementor-top-column elementor-element elementor-element-128ee381\" data-id=\"128ee381\" data-element_type=\"column\" data-e-type=\"column\" data-settings=\"{&quot;background_background&quot;:&quot;classic&quot;}\">\n\t\t\t<div class=\"elementor-widget-wrap elementor-element-populated\">\n\t\t\t\t\t\t<div class=\"elementor-element elementor-element-71bafaf3 elementor-widget elementor-widget-image\" data-id=\"71bafaf3\" data-element_type=\"widget\" data-e-type=\"widget\" data-widget_type=\"image.default\">\n\t\t\t\t<div class=\"elementor-widget-container\">\n\t\t\t\t\t\t\t\t\t\t\t\t\t\t\t<img fetchpriority=\"high\" decoding=\"async\" width=\"600\" height=\"450\" src=\"https:\/\/casadelacorte.evolucion.center\/wp-content\/uploads\/2025\/01\/Elena-y-Jose-Carlos.jpg\" class=\"attachment-full size-full wp-image-2617\" alt=\"\" srcset=\"https:\/\/casadelacorte.evolucion.center\/wp-content\/uploads\/2025\/01\/Elena-y-Jose-Carlos.jpg 600w, https:\/\/casadelacorte.evolucion.center\/wp-content\/uploads\/2025\/01\/Elena-y-Jose-Carlos-300x225.jpg 300w\" sizes=\"(max-width: 600px) 100vw, 600px\" \/>\t\t\t\t\t\t\t\t\t\t\t\t\t\t\t<\/div>\n\t\t\t\t<\/div>\n\t\t\t\t\t<\/div>\n\t\t<\/div>\n\t\t\t\t\t<\/div>\n\t\t<\/section>\n\t\t\t\t<section class=\"elementor-section elementor-top-section elementor-element elementor-element-b467ff elementor-section-boxed elementor-section-height-default elementor-section-height-default\" data-id=\"b467ff\" data-element_type=\"section\" data-e-type=\"section\" data-settings=\"{&quot;background_background&quot;:&quot;classic&quot;}\">\n\t\t\t\t\t\t<div class=\"elementor-container elementor-column-gap-default\">\n\t\t\t\t\t<div class=\"elementor-column elementor-col-100 elementor-top-column elementor-element elementor-element-1b762e63\" data-id=\"1b762e63\" data-element_type=\"column\" data-e-type=\"column\">\n\t\t\t<div class=\"elementor-widget-wrap elementor-element-populated\">\n\t\t\t\t\t\t<section class=\"elementor-section elementor-inner-section elementor-element elementor-element-53a2b9b2 elementor-section-boxed elementor-section-height-default elementor-section-height-default\" data-id=\"53a2b9b2\" data-element_type=\"section\" data-e-type=\"section\">\n\t\t\t\t\t\t<div class=\"elementor-container elementor-column-gap-default\">\n\t\t\t\t\t<div class=\"elementor-column elementor-col-100 elementor-inner-column elementor-element elementor-element-316b5da1\" data-id=\"316b5da1\" data-element_type=\"column\" data-e-type=\"column\">\n\t\t\t<div class=\"elementor-widget-wrap elementor-element-populated\">\n\t\t\t\t\t\t<div class=\"elementor-element elementor-element-4a3673d6 elementor-widget elementor-widget-heading\" data-id=\"4a3673d6\" data-element_type=\"widget\" data-e-type=\"widget\" data-widget_type=\"heading.default\">\n\t\t\t\t<div class=\"elementor-widget-container\">\n\t\t\t\t\t<h2 class=\"elementor-heading-title elementor-size-default\">\u00a1Alquila la casa completa en exclusiva para tu grupo a un precio accesible!<\/h2>\t\t\t\t<\/div>\n\t\t\t\t<\/div>\n\t\t\t\t<div class=\"elementor-element elementor-element-7bdfae94 elementor-widget elementor-widget-image\" data-id=\"7bdfae94\" data-element_type=\"widget\" data-e-type=\"widget\" data-widget_type=\"image.default\">\n\t\t\t\t<div class=\"elementor-widget-container\">\n\t\t\t\t\t\t\t\t\t\t\t\t\t\t\t<img decoding=\"async\" width=\"200\" height=\"36\" src=\"https:\/\/casadelacorte.evolucion.center\/wp-content\/uploads\/2025\/01\/divider3.png\" class=\"attachment-large size-large wp-image-2607\" alt=\"\" \/>\t\t\t\t\t\t\t\t\t\t\t\t\t\t\t<\/div>\n\t\t\t\t<\/div>\n\t\t\t\t<div class=\"elementor-element elementor-element-1cbfe286 elementor-widget elementor-widget-text-editor\" data-id=\"1cbfe286\" data-element_type=\"widget\" data-e-type=\"widget\" data-widget_type=\"text-editor.default\">\n\t\t\t\t<div class=\"elementor-widget-container\">\n\t\t\t\t\t\t\t\t\t<p>Todos los fines de semana, la Hospeder\u00eda de la Corte est\u00e1 disponible en exclusiva para grupos por tan solo 1300 \u20ac el fin de semana.<br \/>Este precio incluye la casa completa, con capacidad para 20 personas, lista para ti con todas sus instalaciones y servicios, desde el viernes con entrada a partir de las 12h hasta el domingo hasta las 18h.<br \/>Disfruta de 10 dormitorios con ba\u00f1o privado, amplios salones, jard\u00edn, barbacoa, chimenea, sal\u00f3n de billar y un sal\u00f3n de eventos sonorizado, en el lugar ideal para eventos familiares, reuniones de amigos o escapadas especiales.<br \/>Queremos que todos tengan la oportunidad de vivir esta experiencia \u00fanica sin preocuparse por los precios. \u00a1Un lujo al alcance de todos!<\/p>\t\t\t\t\t\t\t\t<\/div>\n\t\t\t\t<\/div>\n\t\t\t\t\t<\/div>\n\t\t<\/div>\n\t\t\t\t\t<\/div>\n\t\t<\/section>\n\t\t\t\t<div class=\"elementor-element elementor-element-22c4092b elementor-hidden-phone elementor-arrows-position-outside elementor-widget elementor-widget-image-carousel\" data-id=\"22c4092b\" data-element_type=\"widget\" data-e-type=\"widget\" data-settings=\"{&quot;slides_to_show&quot;:&quot;3&quot;,&quot;navigation&quot;:&quot;arrows&quot;,&quot;autoplay_speed&quot;:6000,&quot;autoplay&quot;:&quot;yes&quot;,&quot;pause_on_hover&quot;:&quot;yes&quot;,&quot;pause_on_interaction&quot;:&quot;yes&quot;,&quot;infinite&quot;:&quot;yes&quot;,&quot;speed&quot;:500,&quot;image_spacing_custom&quot;:{&quot;unit&quot;:&quot;px&quot;,&quot;size&quot;:20,&quot;sizes&quot;:[]},&quot;image_spacing_custom_tablet&quot;:{&quot;unit&quot;:&quot;px&quot;,&quot;size&quot;:&quot;&quot;,&quot;sizes&quot;:[]},&quot;image_spacing_custom_mobile&quot;:{&quot;unit&quot;:&quot;px&quot;,&quot;size&quot;:&quot;&quot;,&quot;sizes&quot;:[]}}\" data-widget_type=\"image-carousel.default\">\n\t\t\t\t<div class=\"elementor-widget-container\">\n\t\t\t\t\t\t\t<div class=\"elementor-image-carousel-wrapper swiper\" role=\"region\" aria-roledescription=\"carousel\" aria-label=\"Carrusel de im\u00e1genes\" dir=\"ltr\">\n\t\t\t<div class=\"elementor-image-carousel swiper-wrapper\" aria-live=\"off\">\n\t\t\t\t\t\t\t\t<div class=\"swiper-slide\" role=\"group\" aria-roledescription=\"slide\" aria-label=\"1 de 3\"><figure class=\"swiper-slide-inner\"><img decoding=\"async\" class=\"swiper-slide-image\" src=\"https:\/\/casadelacorte.evolucion.center\/wp-content\/uploads\/2025\/01\/IMG-20241202-WA0024.jpg\" alt=\"IMG-20241202-WA0024\" \/><\/figure><\/div><div class=\"swiper-slide\" role=\"group\" aria-roledescription=\"slide\" aria-label=\"2 de 3\"><figure class=\"swiper-slide-inner\"><img decoding=\"async\" class=\"swiper-slide-image\" src=\"https:\/\/casadelacorte.evolucion.center\/wp-content\/uploads\/2025\/01\/isabel-flamenca.jpg\" alt=\"isabel flamenca\" \/><\/figure><\/div><div class=\"swiper-slide\" role=\"group\" aria-roledescription=\"slide\" aria-label=\"3 de 3\"><figure class=\"swiper-slide-inner\"><img decoding=\"async\" class=\"swiper-slide-image\" src=\"https:\/\/casadelacorte.evolucion.center\/wp-content\/uploads\/2025\/01\/salon-reducida-2.jpg\" alt=\"sal\u00f3n reducida 2\" \/><\/figure><\/div>\t\t\t<\/div>\n\t\t\t\t\t\t\t\t\t\t\t\t<div class=\"elementor-swiper-button elementor-swiper-button-prev\" role=\"button\" tabindex=\"0\">\n\t\t\t\t\t\t<i aria-hidden=\"true\" class=\"eicon-chevron-left\"><\/i>\t\t\t\t\t<\/div>\n\t\t\t\t\t<div class=\"elementor-swiper-button elementor-swiper-button-next\" role=\"button\" tabindex=\"0\">\n\t\t\t\t\t\t<i aria-hidden=\"true\" class=\"eicon-chevron-right\"><\/i>\t\t\t\t\t<\/div>\n\t\t\t\t\n\t\t\t\t\t\t\t\t\t<\/div>\n\t\t\t\t\t\t<\/div>\n\t\t\t\t<\/div>\n\t\t\t\t\t<\/div>\n\t\t<\/div>\n\t\t\t\t\t<\/div>\n\t\t<\/section>\n\t\t\t\t<section class=\"elementor-section elementor-top-section elementor-element elementor-element-3bf5e75f elementor-section-boxed elementor-section-height-default elementor-section-height-default\" data-id=\"3bf5e75f\" data-element_type=\"section\" data-e-type=\"section\" data-settings=\"{&quot;background_background&quot;:&quot;classic&quot;}\">\n\t\t\t\t\t\t<div class=\"elementor-container elementor-column-gap-default\">\n\t\t\t\t\t<div class=\"elementor-column elementor-col-100 elementor-top-column elementor-element elementor-element-7585051b\" data-id=\"7585051b\" data-element_type=\"column\" data-e-type=\"column\">\n\t\t\t<div class=\"elementor-widget-wrap elementor-element-populated\">\n\t\t\t\t\t\t<div class=\"elementor-element elementor-element-c429dac elementor-widget elementor-widget-heading\" data-id=\"c429dac\" data-element_type=\"widget\" data-e-type=\"widget\" data-widget_type=\"heading.default\">\n\t\t\t\t<div class=\"elementor-widget-container\">\n\t\t\t\t\t<div class=\"elementor-heading-title elementor-size-default\">Nuestra ubicaci\u00f3n en Corteconcepci\u00f3n os permitir\u00e1 disfrutar de los rincones m\u00e1s aut\u00e9nticos de la Sierra de Aracena:<\/div>\t\t\t\t<\/div>\n\t\t\t\t<\/div>\n\t\t\t\t<div class=\"elementor-element elementor-element-301a3a16 elementor-widget-divider--view-line elementor-widget elementor-widget-divider\" data-id=\"301a3a16\" data-element_type=\"widget\" data-e-type=\"widget\" data-widget_type=\"divider.default\">\n\t\t\t\t<div class=\"elementor-widget-container\">\n\t\t\t\t\t\t\t<div class=\"elementor-divider\">\n\t\t\t<span class=\"elementor-divider-separator\">\n\t\t\t\t\t\t<\/span>\n\t\t<\/div>\n\t\t\t\t\t\t<\/div>\n\t\t\t\t<\/div>\n\t\t\t\t<div class=\"elementor-element elementor-element-6e0c257c elementor-invisible elementor-widget elementor-widget-image\" data-id=\"6e0c257c\" data-element_type=\"widget\" data-e-type=\"widget\" data-settings=\"{&quot;_animation&quot;:&quot;fadeIn&quot;}\" data-widget_type=\"image.default\">\n\t\t\t\t<div class=\"elementor-widget-container\">\n\t\t\t\t\t\t\t\t\t\t\t\t\t\t\t<img decoding=\"async\" width=\"640\" height=\"480\" src=\"https:\/\/casadelacorte.evolucion.center\/wp-content\/uploads\/2025\/01\/dormitorio-reducida.jpg\" class=\"attachment-full size-full wp-image-2626\" alt=\"\" srcset=\"https:\/\/casadelacorte.evolucion.center\/wp-content\/uploads\/2025\/01\/dormitorio-reducida.jpg 640w, https:\/\/casadelacorte.evolucion.center\/wp-content\/uploads\/2025\/01\/dormitorio-reducida-300x225.jpg 300w\" sizes=\"(max-width: 640px) 100vw, 640px\" \/>\t\t\t\t\t\t\t\t\t\t\t\t\t\t\t<\/div>\n\t\t\t\t<\/div>\n\t\t\t\t<div class=\"elementor-element elementor-element-40ff2df8 elementor-widget elementor-widget-text-editor\" data-id=\"40ff2df8\" data-element_type=\"widget\" data-e-type=\"widget\" data-widget_type=\"text-editor.default\">\n\t\t\t\t<div class=\"elementor-widget-container\">\n\t\t\t\t\t\t\t\t\t<p><strong>Tesoros de Corteconcepci\u00f3n<\/strong><\/p><p>\u00a0<\/p>\t\t\t\t\t\t\t\t<\/div>\n\t\t\t\t<\/div>\n\t\t\t\t\t<\/div>\n\t\t<\/div>\n\t\t\t\t\t<\/div>\n\t\t<\/section>\n\t\t\t\t<section class=\"elementor-section elementor-top-section elementor-element elementor-element-2eeee162 elementor-section-content-middle elementor-reverse-mobile elementor-section-boxed elementor-section-height-default elementor-section-height-default\" data-id=\"2eeee162\" data-element_type=\"section\" data-e-type=\"section\" data-settings=\"{&quot;background_background&quot;:&quot;classic&quot;}\">\n\t\t\t\t\t\t<div class=\"elementor-container elementor-column-gap-default\">\n\t\t\t\t\t<div class=\"elementor-column elementor-col-50 elementor-top-column elementor-element elementor-element-1daf8f3d\" data-id=\"1daf8f3d\" data-element_type=\"column\" data-e-type=\"column\" data-settings=\"{&quot;background_background&quot;:&quot;classic&quot;}\">\n\t\t\t<div class=\"elementor-widget-wrap elementor-element-populated\">\n\t\t\t\t\t\t<section class=\"elementor-section elementor-inner-section elementor-element elementor-element-138d17a elementor-section-boxed elementor-section-height-default elementor-section-height-default\" data-id=\"138d17a\" data-element_type=\"section\" data-e-type=\"section\">\n\t\t\t\t\t\t<div class=\"elementor-container elementor-column-gap-default\">\n\t\t\t\t\t<div class=\"elementor-column elementor-col-50 elementor-inner-column elementor-element elementor-element-bf186f9\" data-id=\"bf186f9\" data-element_type=\"column\" data-e-type=\"column\">\n\t\t\t<div class=\"elementor-widget-wrap elementor-element-populated\">\n\t\t\t\t\t\t<div class=\"elementor-element elementor-element-265b0c86 elementor-position-inline-start envato-kit-162-icon-align elementor-view-default elementor-mobile-position-block-start elementor-widget elementor-widget-icon-box\" data-id=\"265b0c86\" data-element_type=\"widget\" data-e-type=\"widget\" data-widget_type=\"icon-box.default\">\n\t\t\t\t<div class=\"elementor-widget-container\">\n\t\t\t\t\t\t\t<div class=\"elementor-icon-box-wrapper\">\n\n\t\t\t\t\t\t<div class=\"elementor-icon-box-icon\">\n\t\t\t\t<span  class=\"elementor-icon\">\n\t\t\t\t<i aria-hidden=\"true\" class=\"fas fa-water\"><\/i>\t\t\t\t<\/span>\n\t\t\t<\/div>\n\t\t\t\n\t\t\t\t\t\t<div class=\"elementor-icon-box-content\">\n\n\t\t\t\t\t\t\t\t\t<h3 class=\"elementor-icon-box-title\">\n\t\t\t\t\t\t<span  >\n\t\t\t\t\t\t\t1. Cascada de los Molinos\t\t\t\t\t\t<\/span>\n\t\t\t\t\t<\/h3>\n\t\t\t\t\n\t\t\t\t\t\t\t\t\t<p class=\"elementor-icon-box-description\">\n\t\t\t\t\t\tUn <b>paraje natural \u00fanico<\/b>, donde podr\u00e9is disfrutar de la tranquilidad de la naturaleza y del sonido relajante del agua mientras pase\u00e1is por los senderos que rodean esta m\u00e1gica cascada.\t\t\t\t\t<\/p>\n\t\t\t\t\n\t\t\t<\/div>\n\t\t\t\n\t\t<\/div>\n\t\t\t\t\t\t<\/div>\n\t\t\t\t<\/div>\n\t\t\t\t\t<\/div>\n\t\t<\/div>\n\t\t\t\t<div class=\"elementor-column elementor-col-50 elementor-inner-column elementor-element elementor-element-29f6a9c5\" data-id=\"29f6a9c5\" data-element_type=\"column\" data-e-type=\"column\">\n\t\t\t<div class=\"elementor-widget-wrap elementor-element-populated\">\n\t\t\t\t\t\t<div class=\"elementor-element elementor-element-7470ccba elementor-position-inline-start envato-kit-162-icon-align elementor-view-default elementor-mobile-position-block-start elementor-widget elementor-widget-icon-box\" data-id=\"7470ccba\" data-element_type=\"widget\" data-e-type=\"widget\" data-widget_type=\"icon-box.default\">\n\t\t\t\t<div class=\"elementor-widget-container\">\n\t\t\t\t\t\t\t<div class=\"elementor-icon-box-wrapper\">\n\n\t\t\t\t\t\t<div class=\"elementor-icon-box-icon\">\n\t\t\t\t<span  class=\"elementor-icon\">\n\t\t\t\t<i aria-hidden=\"true\" class=\"fas fa-camera-retro\"><\/i>\t\t\t\t<\/span>\n\t\t\t<\/div>\n\t\t\t\n\t\t\t\t\t\t<div class=\"elementor-icon-box-content\">\n\n\t\t\t\t\t\t\t\t\t<h3 class=\"elementor-icon-box-title\">\n\t\t\t\t\t\t<span  >\n\t\t\t\t\t\t\t2. El Pueblo de los Miradores\t\t\t\t\t\t<\/span>\n\t\t\t\t\t<\/h3>\n\t\t\t\t\n\t\t\t\t\t\t\t\t\t<p class=\"elementor-icon-box-description\">\n\t\t\t\t\t\t<b>Corteconcepci\u00f3n<\/b> es conocido por sus espectaculares miradores que ofrecen <b>las mejores vistas panor\u00e1micas de la Sierra de Aracena:<\/b>\n\n\u2022\t<b>Mirador de la Rejoya<\/b>: Las mejores vistas de toda la sierra.\n\n\u2022\t<b>Mirador del Cerro de la Crucecita: <\/b>Perfecto para un paseo al atardecer.\n\n\u2022\t<b>Mirador de la Parroquia de la Inmaculada Concepci\u00f3n<\/b>: Un rinc\u00f3n m\u00e1gico con una vista encantadora del pueblo.\n\t\t\t\t\t<\/p>\n\t\t\t\t\n\t\t\t<\/div>\n\t\t\t\n\t\t<\/div>\n\t\t\t\t\t\t<\/div>\n\t\t\t\t<\/div>\n\t\t\t\t\t<\/div>\n\t\t<\/div>\n\t\t\t\t\t<\/div>\n\t\t<\/section>\n\t\t\t\t<section class=\"elementor-section elementor-inner-section elementor-element elementor-element-5ccb9ec8 elementor-section-boxed elementor-section-height-default elementor-section-height-default\" data-id=\"5ccb9ec8\" data-element_type=\"section\" data-e-type=\"section\">\n\t\t\t\t\t\t<div class=\"elementor-container elementor-column-gap-no\">\n\t\t\t\t\t<div class=\"elementor-column elementor-col-50 elementor-inner-column elementor-element elementor-element-455c477a\" data-id=\"455c477a\" data-element_type=\"column\" data-e-type=\"column\">\n\t\t\t<div class=\"elementor-widget-wrap elementor-element-populated\">\n\t\t\t\t\t\t<div class=\"elementor-element elementor-element-33acfef elementor-widget elementor-widget-image\" data-id=\"33acfef\" data-element_type=\"widget\" data-e-type=\"widget\" data-widget_type=\"image.default\">\n\t\t\t\t<div class=\"elementor-widget-container\">\n\t\t\t\t\t\t\t\t\t\t\t\t\t\t\t<img loading=\"lazy\" decoding=\"async\" width=\"800\" height=\"600\" src=\"https:\/\/casadelacorte.evolucion.center\/wp-content\/uploads\/2025\/01\/casacada-de-los-molinos.jpg\" class=\"attachment-large size-large wp-image-2624\" alt=\"\" srcset=\"https:\/\/casadelacorte.evolucion.center\/wp-content\/uploads\/2025\/01\/casacada-de-los-molinos.jpg 800w, https:\/\/casadelacorte.evolucion.center\/wp-content\/uploads\/2025\/01\/casacada-de-los-molinos-300x225.jpg 300w, https:\/\/casadelacorte.evolucion.center\/wp-content\/uploads\/2025\/01\/casacada-de-los-molinos-768x576.jpg 768w\" sizes=\"(max-width: 800px) 100vw, 800px\" \/>\t\t\t\t\t\t\t\t\t\t\t\t\t\t\t<\/div>\n\t\t\t\t<\/div>\n\t\t\t\t\t<\/div>\n\t\t<\/div>\n\t\t\t\t<div class=\"elementor-column elementor-col-50 elementor-inner-column elementor-element elementor-element-2e7c4105\" data-id=\"2e7c4105\" data-element_type=\"column\" data-e-type=\"column\">\n\t\t\t<div class=\"elementor-widget-wrap elementor-element-populated\">\n\t\t\t\t\t\t<div class=\"elementor-element elementor-element-22242a28 elementor-widget elementor-widget-image\" data-id=\"22242a28\" data-element_type=\"widget\" data-e-type=\"widget\" data-widget_type=\"image.default\">\n\t\t\t\t<div class=\"elementor-widget-container\">\n\t\t\t\t\t\t\t\t\t\t\t\t\t\t\t<img loading=\"lazy\" decoding=\"async\" width=\"640\" height=\"480\" src=\"https:\/\/casadelacorte.evolucion.center\/wp-content\/uploads\/2025\/01\/dehesa-reducida.jpg\" class=\"attachment-large size-large wp-image-2625\" alt=\"\" srcset=\"https:\/\/casadelacorte.evolucion.center\/wp-content\/uploads\/2025\/01\/dehesa-reducida.jpg 640w, https:\/\/casadelacorte.evolucion.center\/wp-content\/uploads\/2025\/01\/dehesa-reducida-300x225.jpg 300w\" sizes=\"(max-width: 640px) 100vw, 640px\" \/>\t\t\t\t\t\t\t\t\t\t\t\t\t\t\t<\/div>\n\t\t\t\t<\/div>\n\t\t\t\t\t<\/div>\n\t\t<\/div>\n\t\t\t\t\t<\/div>\n\t\t<\/section>\n\t\t\t\t\t<\/div>\n\t\t<\/div>\n\t\t\t\t<div class=\"elementor-column elementor-col-50 elementor-top-column elementor-element elementor-element-4cb54f4d\" data-id=\"4cb54f4d\" data-element_type=\"column\" data-e-type=\"column\" data-settings=\"{&quot;background_background&quot;:&quot;classic&quot;}\">\n\t\t\t<div class=\"elementor-widget-wrap elementor-element-populated\">\n\t\t\t\t\t\t<div class=\"elementor-element elementor-element-28e717ad elementor-widget elementor-widget-heading\" data-id=\"28e717ad\" data-element_type=\"widget\" data-e-type=\"widget\" data-widget_type=\"heading.default\">\n\t\t\t\t<div class=\"elementor-widget-container\">\n\t\t\t\t\t<h2 class=\"elementor-heading-title elementor-size-default\"><a href=\"https:\/\/casadelacorte.evolucion.center\/\">Experiencia \u00fanica en la Hospeder\u00eda de la Corte<\/a><\/h2>\t\t\t\t<\/div>\n\t\t\t\t<\/div>\n\t\t\t\t<div class=\"elementor-element elementor-element-117c5d29 elementor-widget elementor-widget-text-editor\" data-id=\"117c5d29\" data-element_type=\"widget\" data-e-type=\"widget\" data-widget_type=\"text-editor.default\">\n\t\t\t\t<div class=\"elementor-widget-container\">\n\t\t\t\t\t\t\t\t\t<p><strong>Ven a disfrutar del turismo rural con todas las comodidades modernas en un entorno \u00fanico.<\/strong> Desde el sal\u00f3n de billar hasta el jard\u00edn con barbacoa, nuestra Hospeder\u00eda es el lugar perfecto para crear recuerdos inolvidables con quienes m\u00e1s quieres.<\/p><p><strong>Reservad ya vuestra estancia de fin de semana en exclusiva por solo 1300 \u20ac<\/strong> y descubrid todo lo que Corteconcepci\u00f3n y la Sierra de Aracena tienen para ofrecer.<\/p><p>Para m\u00e1s informaci\u00f3n y reservas, visitad nuestra p\u00e1gina web o contactad con nosotros directamente. \u00a1Os esperamos con los brazos abiertos!<\/p><p>Informaci\u00f3n y reservas: 607646876<\/p>\t\t\t\t\t\t\t\t<\/div>\n\t\t\t\t<\/div>\n\t\t\t\t<div class=\"elementor-element elementor-element-6b1dc371 elementor-widget elementor-widget-accordion\" data-id=\"6b1dc371\" data-element_type=\"widget\" data-e-type=\"widget\" data-widget_type=\"accordion.default\">\n\t\t\t\t<div class=\"elementor-widget-container\">\n\t\t\t\t\t\t\t<div class=\"elementor-accordion\">\n\t\t\t\t\t\t\t<div class=\"elementor-accordion-item\">\n\t\t\t\t\t<div id=\"elementor-tab-title-1791\" class=\"elementor-tab-title\" data-tab=\"1\" role=\"button\" aria-controls=\"elementor-tab-content-1791\" aria-expanded=\"false\">\n\t\t\t\t\t\t\t\t\t\t\t\t\t<span class=\"elementor-accordion-icon elementor-accordion-icon-left\" aria-hidden=\"true\">\n\t\t\t\t\t\t\t\t\t\t\t\t\t\t\t<span class=\"elementor-accordion-icon-closed\"><i class=\"fas fa-podcast\"><\/i><\/span>\n\t\t\t\t\t\t\t\t<span class=\"elementor-accordion-icon-opened\"><i class=\"fab fa-ioxhost\"><\/i><\/span>\n\t\t\t\t\t\t\t\t\t\t\t\t\t\t<\/span>\n\t\t\t\t\t\t\t\t\t\t\t\t<a class=\"elementor-accordion-title\" tabindex=\"0\">Premio Mundial de Turismo Sostenible<\/a>\n\t\t\t\t\t<\/div>\n\t\t\t\t\t<div id=\"elementor-tab-content-1791\" class=\"elementor-tab-content elementor-clearfix\" data-tab=\"1\" role=\"region\" aria-labelledby=\"elementor-tab-title-1791\"><p>En 2024, la Hospeder\u00eda de la Corte fue galardonada con el Premio Mundial de Turismo Sostenible en Belice, otorgado por la Organizaci\u00f3n Mundial de Turismo Sostenible. Este prestigioso reconocimiento destaca nuestro liderazgo en salud y bienestar sostenible, consolid\u00e1ndonos como un referente en turismo responsable.<\/p><p>\u00a0<\/p><p>\u00a0<\/p><p>\u00a0<\/p><p>\u00a0<\/p><\/div>\n\t\t\t\t<\/div>\n\t\t\t\t\t\t\t<div class=\"elementor-accordion-item\">\n\t\t\t\t\t<div id=\"elementor-tab-title-1792\" class=\"elementor-tab-title\" data-tab=\"2\" role=\"button\" aria-controls=\"elementor-tab-content-1792\" aria-expanded=\"false\">\n\t\t\t\t\t\t\t\t\t\t\t\t\t<span class=\"elementor-accordion-icon elementor-accordion-icon-left\" aria-hidden=\"true\">\n\t\t\t\t\t\t\t\t\t\t\t\t\t\t\t<span class=\"elementor-accordion-icon-closed\"><i class=\"fas fa-podcast\"><\/i><\/span>\n\t\t\t\t\t\t\t\t<span class=\"elementor-accordion-icon-opened\"><i class=\"fab fa-ioxhost\"><\/i><\/span>\n\t\t\t\t\t\t\t\t\t\t\t\t\t\t<\/span>\n\t\t\t\t\t\t\t\t\t\t\t\t<a class=\"elementor-accordion-title\" tabindex=\"0\">Mejor Empresa de Huelva 2024<\/a>\n\t\t\t\t\t<\/div>\n\t\t\t\t\t<div id=\"elementor-tab-content-1792\" class=\"elementor-tab-content elementor-clearfix\" data-tab=\"2\" role=\"region\" aria-labelledby=\"elementor-tab-title-1792\"><p>La Hospeder\u00eda La Corte ha sido galardonada por el Jurado de los XVIII Premios Empresarios del A\u00f1o de Huelva, convocados por la FOE y la Fundaci\u00f3n Cajasol, al objeto de reconocer la actividad que realizan las empresas de nuestra provincia en diferentes actividades de gesti\u00f3n empresarial, en la categor\u00eda &#8216;Eficiencia Energ\u00e9tica y Sostenibilidad&#8217;.<\/p><\/div>\n\t\t\t\t<\/div>\n\t\t\t\t\t\t\t<div class=\"elementor-accordion-item\">\n\t\t\t\t\t<div id=\"elementor-tab-title-1793\" class=\"elementor-tab-title\" data-tab=\"3\" role=\"button\" aria-controls=\"elementor-tab-content-1793\" aria-expanded=\"false\">\n\t\t\t\t\t\t\t\t\t\t\t\t\t<span class=\"elementor-accordion-icon elementor-accordion-icon-left\" aria-hidden=\"true\">\n\t\t\t\t\t\t\t\t\t\t\t\t\t\t\t<span class=\"elementor-accordion-icon-closed\"><i class=\"fas fa-podcast\"><\/i><\/span>\n\t\t\t\t\t\t\t\t<span class=\"elementor-accordion-icon-opened\"><i class=\"fab fa-ioxhost\"><\/i><\/span>\n\t\t\t\t\t\t\t\t\t\t\t\t\t\t<\/span>\n\t\t\t\t\t\t\t\t\t\t\t\t<a class=\"elementor-accordion-title\" tabindex=\"0\">Menci\u00f3n Honorifica 2024 Modelo Pionero de Sostenibilidad en el sector del turismo rural en Espa\u00f1a<\/a>\n\t\t\t\t\t<\/div>\n\t\t\t\t\t<div id=\"elementor-tab-content-1793\" class=\"elementor-tab-content elementor-clearfix\" data-tab=\"3\" role=\"region\" aria-labelledby=\"elementor-tab-title-1793\"><div class=\"flex max-w-full flex-col flex-grow\"><div class=\"min-h-8 text-message flex w-full flex-col items-end gap-2 whitespace-normal break-words text-start [.text-message+&amp;]:mt-5\" dir=\"auto\" data-message-author-role=\"assistant\" data-message-id=\"7ead6664-eac7-401e-81c2-5c7953c59b52\" data-message-model-slug=\"gpt-4o\"><div class=\"flex w-full flex-col gap-1 empty:hidden first:pt-[3px]\"><div class=\"markdown prose w-full break-words dark:prose-invert light\"><p>Organizados por el Grupo Habitat Futura y TsMedia desde 2014, estos galardones impulsan el turismo sostenible y promueven pr\u00e1cticas responsables en el sector hotelero, en l\u00ednea con los Objetivos de Desarrollo Sostenible de las Naciones Unidas.<\/p><p>El jurado, compuesto por expertos en sostenibilidad y turismo de instituciones como el Ministerio de Turismo, la Oficina Espa\u00f1ola del Cambio Clim\u00e1tico, el Instituto para la Diversificaci\u00f3n y Ahorro de la Energ\u00eda (IDAE) y el Instituto de Turismo Responsable (ITR), destac\u00f3 a la Hospeder\u00eda de la Corte como un referente por su eficiencia energ\u00e9tica y compromiso medioambiental, su reconocimiento como ejemplo de la arquitectura popular de la Sierra de Aracena y su oferta conjunta de \u00abbienestar, naturaleza y responsabilidad ambiental\u00bb.<\/p><\/div><\/div><\/div><\/div><div class=\"mb-2 flex gap-3 empty:hidden -ml-2\"><div class=\"items-center justify-start rounded-xl p-1 flex\"><div class=\"flex items-center\"><button class=\"rounded-lg text-token-text-secondary hover:bg-token-main-surface-secondary\" aria-label=\"Read aloud\" data-testid=\"voice-play-turn-action-button\"><br \/><\/button><div class=\"flex\">\u00a0<\/div><button class=\"rounded-lg text-token-text-secondary hover:bg-token-main-surface-secondary\" aria-label=\"Editar en el lienzo\"><\/button><div class=\"flex items-center pb-0\">\u00a0<\/div><\/div><\/div><\/div><\/div>\n\t\t\t\t<\/div>\n\t\t\t\t\t\t\t\t<\/div>\n\t\t\t\t\t\t<\/div>\n\t\t\t\t<\/div>\n\t\t\t\t<div class=\"elementor-element elementor-element-4dc3ae08 elementor-align-left elementor-widget elementor-widget-button\" data-id=\"4dc3ae08\" data-element_type=\"widget\" data-e-type=\"widget\" data-widget_type=\"button.default\">\n\t\t\t\t<div class=\"elementor-widget-container\">\n\t\t\t\t\t\t\t\t\t<div class=\"elementor-button-wrapper\">\n\t\t\t\t\t<a class=\"elementor-button elementor-button-link elementor-size-sm elementor-animation-hang\" href=\"#\">\n\t\t\t\t\t\t<span class=\"elementor-button-content-wrapper\">\n\t\t\t\t\t\t<span class=\"elementor-button-icon\">\n\t\t\t\t\t\t\t\t\t<i class=\"fa fa-long-arrow-right\" aria-hidden=\"true\"><\/i>\n\t\t\t\t\t\t\t<\/span>\n\t\t\t\t\t\t\t\t\t<span class=\"elementor-button-text\">Explore More<\/span>\n\t\t\t\t\t<\/span>\n\t\t\t\t\t<\/a>\n\t\t\t\t<\/div>\n\t\t\t\t\t\t\t\t<\/div>\n\t\t\t\t<\/div>\n\t\t\t\t\t<\/div>\n\t\t<\/div>\n\t\t\t\t\t<\/div>\n\t\t<\/section>\n\t\t\t\t<section class=\"elementor-section elementor-top-section elementor-element elementor-element-26bcd282 elementor-section-content-middle elementor-section-height-min-height elementor-section-boxed elementor-section-height-default elementor-section-items-middle\" data-id=\"26bcd282\" data-element_type=\"section\" data-e-type=\"section\" data-settings=\"{&quot;background_background&quot;:&quot;classic&quot;}\">\n\t\t\t\t\t\t\t<div class=\"elementor-background-overlay\"><\/div>\n\t\t\t\t\t\t\t<div class=\"elementor-container elementor-column-gap-default\">\n\t\t\t\t\t<div class=\"elementor-column elementor-col-50 elementor-top-column elementor-element elementor-element-61d41756\" data-id=\"61d41756\" data-element_type=\"column\" data-e-type=\"column\" data-settings=\"{&quot;background_background&quot;:&quot;classic&quot;}\">\n\t\t\t<div class=\"elementor-widget-wrap elementor-element-populated\">\n\t\t\t\t\t\t<div class=\"elementor-element elementor-element-1e773441 elementor-widget elementor-widget-heading\" data-id=\"1e773441\" data-element_type=\"widget\" data-e-type=\"widget\" data-widget_type=\"heading.default\">\n\t\t\t\t<div class=\"elementor-widget-container\">\n\t\t\t\t\t<h2 class=\"elementor-heading-title elementor-size-default\">Disfruta la vida...<\/h2>\t\t\t\t<\/div>\n\t\t\t\t<\/div>\n\t\t\t\t<div class=\"elementor-element elementor-element-3522f3da elementor-widget elementor-widget-text-editor\" data-id=\"3522f3da\" data-element_type=\"widget\" data-e-type=\"widget\" data-widget_type=\"text-editor.default\">\n\t\t\t\t<div class=\"elementor-widget-container\">\n\t\t\t\t\t\t\t\t\t<div class=\"flex-shrink-0 flex flex-col relative items-end\"><div><div class=\"pt-0\"><div class=\"gizmo-bot-avatar flex h-8 w-8 items-center justify-center overflow-hidden rounded-full\"><div class=\"relative p-1 rounded-sm flex items-center justify-center bg-token-main-surface-primary text-token-text-primary h-8 w-8\">\u00a0<\/div><\/div><\/div><\/div><\/div><div class=\"group\/conversation-turn relative flex w-full min-w-0 flex-col agent-turn\"><div class=\"flex-col gap-1 md:gap-3\"><div class=\"flex max-w-full flex-col flex-grow\"><div class=\"min-h-8 text-message flex w-full flex-col items-end gap-2 whitespace-normal break-words text-start [.text-message+&amp;]:mt-5\" dir=\"auto\" data-message-author-role=\"assistant\" data-message-id=\"0715932c-e81e-42e8-bf30-80ef09c75266\" data-message-model-slug=\"gpt-4o\"><div class=\"flex w-full flex-col gap-1 empty:hidden first:pt-[3px]\"><div class=\"markdown prose w-full break-words dark:prose-invert light\"><h3>Vive la Magia de la Hospeder\u00eda de la Corte<\/h3><p>En la <strong>Hospeder\u00eda de la Corte<\/strong>, cada detalle est\u00e1 pensado para ofrecerte una experiencia inolvidable. Aqu\u00ed, la tranquilidad del entorno, el confort de nuestras instalaciones y la magia de la <strong>Sierra de Aracena<\/strong> se combinan para crear un refugio \u00fanico, donde el tiempo se detiene y el bienestar florece.<\/p><p>Como broche de oro de nuestra forma \u00fanica de acoger a nuestros visitantes, hemos creado nuestra propia l\u00ednea de fragancias: <strong>Alma de Aracena<\/strong> y <strong>Cumbre de Aracena<\/strong>. Estos aromas, inspirados en la naturaleza que nos rodea, te acompa\u00f1ar\u00e1n durante tu estancia, dejando una huella imborrable en tus recuerdos.<\/p><p>Ven a descubrir un lugar donde la hospitalidad se convierte en arte, y la Sierra de Aracena despliega toda su belleza para ti. <strong>Te esperamos con los brazos abiertos para ofrecerte una experiencia que nunca olvidar\u00e1s.<\/strong><\/p><\/div><\/div><\/div><\/div><\/div><\/div>\t\t\t\t\t\t\t\t<\/div>\n\t\t\t\t<\/div>\n\t\t\t\t<div class=\"elementor-element elementor-element-76e8902 elementor-align-left elementor-widget elementor-widget-button\" data-id=\"76e8902\" data-element_type=\"widget\" data-e-type=\"widget\" data-widget_type=\"button.default\">\n\t\t\t\t<div class=\"elementor-widget-container\">\n\t\t\t\t\t\t\t\t\t<div class=\"elementor-button-wrapper\">\n\t\t\t\t\t<a class=\"elementor-button elementor-button-link elementor-size-sm elementor-animation-float\" href=\"\">\n\t\t\t\t\t\t<span class=\"elementor-button-content-wrapper\">\n\t\t\t\t\t\t<span class=\"elementor-button-icon\">\n\t\t\t\t<i aria-hidden=\"true\" class=\"fas fa-angle-right\"><\/i>\t\t\t<\/span>\n\t\t\t\t\t\t\t\t\t<span class=\"elementor-button-text\">Reserva ahora 607646876<\/span>\n\t\t\t\t\t<\/span>\n\t\t\t\t\t<\/a>\n\t\t\t\t<\/div>\n\t\t\t\t\t\t\t\t<\/div>\n\t\t\t\t<\/div>\n\t\t\t\t\t<\/div>\n\t\t<\/div>\n\t\t\t\t<div class=\"elementor-column elementor-col-50 elementor-top-column elementor-element elementor-element-88b649c\" data-id=\"88b649c\" data-element_type=\"column\" data-e-type=\"column\" data-settings=\"{&quot;background_background&quot;:&quot;classic&quot;}\">\n\t\t\t<div class=\"elementor-widget-wrap elementor-element-populated\">\n\t\t\t\t\t\t<div class=\"elementor-element elementor-element-47e340fe elementor-widget elementor-widget-spacer\" data-id=\"47e340fe\" data-element_type=\"widget\" data-e-type=\"widget\" data-widget_type=\"spacer.default\">\n\t\t\t\t<div class=\"elementor-widget-container\">\n\t\t\t\t\t\t\t<div class=\"elementor-spacer\">\n\t\t\t<div class=\"elementor-spacer-inner\"><\/div>\n\t\t<\/div>\n\t\t\t\t\t\t<\/div>\n\t\t\t\t<\/div>\n\t\t\t\t\t<\/div>\n\t\t<\/div>\n\t\t\t\t\t<\/div>\n\t\t<\/section>\n\t\t\t\t<\/div>\n\t\t","protected":false},"excerpt":{"rendered":"<p>Tu casa rural en la sierra de aracena Tu casa rural en la Sierra de Aracena Ubicada en el encantador pueblo de Corteconcepci\u00f3n, en pleno coraz\u00f3n del Parque Natural de la Sierra de Aracena y Picos de Aroche, la Hospeder\u00eda de la Corte es la mejor casa rural de la regi\u00f3n, reconocida con tres premios [&hellip;]<\/p>\n","protected":false},"author":1,"featured_media":0,"comment_status":"open","ping_status":"open","sticky":false,"template":"","format":"standard","meta":{"ocean_post_layout":"","ocean_both_sidebars_style":"","ocean_both_sidebars_content_width":0,"ocean_both_sidebars_sidebars_width":0,"ocean_sidebar":"","ocean_second_sidebar":"","ocean_disable_margins":"enable","ocean_add_body_class":"","ocean_shortcode_before_top_bar":"","ocean_shortcode_after_top_bar":"","ocean_shortcode_before_header":"","ocean_shortcode_after_header":"","ocean_has_shortcode":"","ocean_shortcode_after_title":"","ocean_shortcode_before_footer_widgets":"","ocean_shortcode_after_footer_widgets":"","ocean_shortcode_before_footer_bottom":"","ocean_shortcode_after_footer_bottom":"","ocean_display_top_bar":"default","ocean_display_header":"default","ocean_header_style":"","ocean_center_header_left_menu":"","ocean_custom_header_template":"","ocean_custom_logo":0,"ocean_custom_retina_logo":0,"ocean_custom_logo_max_width":0,"ocean_custom_logo_tablet_max_width":0,"ocean_custom_logo_mobile_max_width":0,"ocean_custom_logo_max_height":0,"ocean_custom_logo_tablet_max_height":0,"ocean_custom_logo_mobile_max_height":0,"ocean_header_custom_menu":"","ocean_menu_typo_font_family":"","ocean_menu_typo_font_subset":"","ocean_menu_typo_font_size":0,"ocean_menu_typo_font_size_tablet":0,"ocean_menu_typo_font_size_mobile":0,"ocean_menu_typo_font_size_unit":"px","ocean_menu_typo_font_weight":"","ocean_menu_typo_font_weight_tablet":"","ocean_menu_typo_font_weight_mobile":"","ocean_menu_typo_transform":"","ocean_menu_typo_transform_tablet":"","ocean_menu_typo_transform_mobile":"","ocean_menu_typo_line_height":0,"ocean_menu_typo_line_height_tablet":0,"ocean_menu_typo_line_height_mobile":0,"ocean_menu_typo_line_height_unit":"","ocean_menu_typo_spacing":0,"ocean_menu_typo_spacing_tablet":0,"ocean_menu_typo_spacing_mobile":0,"ocean_menu_typo_spacing_unit":"","ocean_menu_link_color":"","ocean_menu_link_color_hover":"","ocean_menu_link_color_active":"","ocean_menu_link_background":"","ocean_menu_link_hover_background":"","ocean_menu_link_active_background":"","ocean_menu_social_links_bg":"","ocean_menu_social_hover_links_bg":"","ocean_menu_social_links_color":"","ocean_menu_social_hover_links_color":"","ocean_disable_title":"default","ocean_disable_heading":"default","ocean_post_title":"","ocean_post_subheading":"","ocean_post_title_style":"","ocean_post_title_background_color":"","ocean_post_title_background":0,"ocean_post_title_bg_image_position":"","ocean_post_title_bg_image_attachment":"","ocean_post_title_bg_image_repeat":"","ocean_post_title_bg_image_size":"","ocean_post_title_height":0,"ocean_post_title_bg_overlay":0.5,"ocean_post_title_bg_overlay_color":"","ocean_disable_breadcrumbs":"default","ocean_breadcrumbs_color":"","ocean_breadcrumbs_separator_color":"","ocean_breadcrumbs_links_color":"","ocean_breadcrumbs_links_hover_color":"","ocean_display_footer_widgets":"default","ocean_display_footer_bottom":"default","ocean_custom_footer_template":"","_jetpack_memberships_contains_paid_content":false,"ocean_post_oembed":"","ocean_post_self_hosted_media":"","ocean_post_video_embed":"","ocean_link_format":"","ocean_link_format_target":"self","ocean_quote_format":"","ocean_quote_format_link":"post","ocean_gallery_link_images":"on","ocean_gallery_id":[],"footnotes":""},"categories":[1],"tags":[],"class_list":["post-2601","post","type-post","status-publish","format-standard","hentry","category-sin-categoria","entry"],"jetpack_featured_media_url":"","jetpack-related-posts":[{"id":967,"url":"https:\/\/casadelacorte.evolucion.center\/?p=967","url_meta":{"origin":2601,"position":0},"title":"\u00bfSab\u00edas que la Sierra de Aracena fue un oc\u00e9ano hace 570 millones de a\u00f1os?","author":"casadelacorte.evolucion.center","date":"19 de junio de 2020","format":false,"excerpt":"Son muchas las historias que el paso del tiempo ha ido tejiendo en este territorio. Desde el coraz\u00f3n del Parque Natural de la Sierra de Aracena, te damos la bienvenida al blog de la Casa Rural \"La Hospeder\u00eda de la Corte\": un blog que te ayudar\u00e1 a descubrir los rincones\u2026","rel":"","context":"En \u00abSin categor\u00eda\u00bb","block_context":{"text":"Sin categor\u00eda","link":"https:\/\/casadelacorte.evolucion.center\/?cat=1"},"img":{"alt_text":"","src":"https:\/\/i0.wp.com\/casadelacorte.evolucion.center\/wp-content\/uploads\/2020\/06\/Medusa.jpg?resize=350%2C200&ssl=1","width":350,"height":200,"srcset":"https:\/\/i0.wp.com\/casadelacorte.evolucion.center\/wp-content\/uploads\/2020\/06\/Medusa.jpg?resize=350%2C200&ssl=1 1x, https:\/\/i0.wp.com\/casadelacorte.evolucion.center\/wp-content\/uploads\/2020\/06\/Medusa.jpg?resize=525%2C300&ssl=1 1.5x, https:\/\/i0.wp.com\/casadelacorte.evolucion.center\/wp-content\/uploads\/2020\/06\/Medusa.jpg?resize=700%2C400&ssl=1 2x"},"classes":[]},{"id":1596,"url":"https:\/\/casadelacorte.evolucion.center\/?p=1596","url_meta":{"origin":2601,"position":1},"title":"Fiesta del Mosto de Corteconcepci\u00f3n (Puente de Todos los Santos)","author":"casadelacorte.evolucion.center","date":"28 de octubre de 2020","format":false,"excerpt":"Mosto de Corteconcepci\u00f3n La vida sigue... y un a\u00f1o m\u00e1s el D\u00eda de Todos los Santos se celebra la tradicional Fiesta del Mosto de Corteconcepci\u00f3n. El mosto de uno de los preciados sabores del oto\u00f1o en la Sierra de Aracena y Picos de Aroche. Varias zonas viticultoras de la comarca\u2026","rel":"","context":"En \u00abSin categor\u00eda\u00bb","block_context":{"text":"Sin categor\u00eda","link":"https:\/\/casadelacorte.evolucion.center\/?cat=1"},"img":{"alt_text":"mosto en la sierra de aracena","src":"https:\/\/i0.wp.com\/casadelacorte.evolucion.center\/wp-content\/uploads\/2020\/10\/mosto-en-corteconcepci%C3%B3n.jpg?resize=350%2C200&ssl=1","width":350,"height":200,"srcset":"https:\/\/i0.wp.com\/casadelacorte.evolucion.center\/wp-content\/uploads\/2020\/10\/mosto-en-corteconcepci%C3%B3n.jpg?resize=350%2C200&ssl=1 1x, https:\/\/i0.wp.com\/casadelacorte.evolucion.center\/wp-content\/uploads\/2020\/10\/mosto-en-corteconcepci%C3%B3n.jpg?resize=525%2C300&ssl=1 1.5x, https:\/\/i0.wp.com\/casadelacorte.evolucion.center\/wp-content\/uploads\/2020\/10\/mosto-en-corteconcepci%C3%B3n.jpg?resize=700%2C400&ssl=1 2x"},"classes":[]},{"id":1363,"url":"https:\/\/casadelacorte.evolucion.center\/?p=1363","url_meta":{"origin":2601,"position":2},"title":"Ya est\u00e1 aqu\u00ed la temporada de setas en la Sierra de Aracena","author":"casadelacorte.evolucion.center","date":"20 de septiembre de 2020","format":false,"excerpt":"Han llegado las primeras lluvias del oto\u00f1o, y con ellas muy pronto comenzar\u00e1 la temporada de setas en la Sierra de Aracena. La riqueza gastron\u00f3mica de estos montes te sorprender\u00e1 y se hace patente en la gran variedad de setas deliciosas que probaremos este oto\u00f1o: tentullos, tanas, gallipiernos, n\u00edscalos o,\u2026","rel":"","context":"En \u00abSin categor\u00eda\u00bb","block_context":{"text":"Sin categor\u00eda","link":"https:\/\/casadelacorte.evolucion.center\/?cat=1"},"img":{"alt_text":"","src":"https:\/\/i0.wp.com\/casadelacorte.evolucion.center\/wp-content\/uploads\/2020\/09\/01-Tana-1.jpg?resize=350%2C200&ssl=1","width":350,"height":200,"srcset":"https:\/\/i0.wp.com\/casadelacorte.evolucion.center\/wp-content\/uploads\/2020\/09\/01-Tana-1.jpg?resize=350%2C200&ssl=1 1x, https:\/\/i0.wp.com\/casadelacorte.evolucion.center\/wp-content\/uploads\/2020\/09\/01-Tana-1.jpg?resize=525%2C300&ssl=1 1.5x, https:\/\/i0.wp.com\/casadelacorte.evolucion.center\/wp-content\/uploads\/2020\/09\/01-Tana-1.jpg?resize=700%2C400&ssl=1 2x, https:\/\/i0.wp.com\/casadelacorte.evolucion.center\/wp-content\/uploads\/2020\/09\/01-Tana-1.jpg?resize=1050%2C600&ssl=1 3x"},"classes":[]},{"id":2377,"url":"https:\/\/casadelacorte.evolucion.center\/?p=2377","url_meta":{"origin":2601,"position":3},"title":"Peces, anfibios, aves y mam\u00edferos amenazados por la sobreexplotaci\u00f3n de los acu\u00edferos de la Sierra de Aracena","author":"casadelacorte.evolucion.center","date":"1 de octubre de 2023","format":false,"excerpt":"Peces, anfibios, aves y mam\u00edferos amenazados por la sobreexplotaci\u00f3n de los acu\u00edferos de la Sierra de Aracena Jos\u00e9 Carlos Cuerda Los arroyos de la Sierra de Aracena son una fuente de vida para numerosas especies de animales y plantas que habitan en este espacio natural. Estos cursos de agua, que\u2026","rel":"","context":"En \u00abSin categor\u00eda\u00bb","block_context":{"text":"Sin categor\u00eda","link":"https:\/\/casadelacorte.evolucion.center\/?cat=1"},"img":{"alt_text":"","src":"https:\/\/i0.wp.com\/casadelacorte.evolucion.center\/wp-content\/uploads\/2023\/10\/calandino-150x150.jpeg?resize=350%2C200&ssl=1","width":350,"height":200},"classes":[]},{"id":1343,"url":"https:\/\/casadelacorte.evolucion.center\/?p=1343","url_meta":{"origin":2601,"position":4},"title":"\u00bfSab\u00edas que las dehesas ya exist\u00edan en tiempos romanos, y que recibieron un fuerte impulso tras el descubrimiento de Am\u00e9rica?","author":"casadelacorte.evolucion.center","date":"16 de agosto de 2020","format":false,"excerpt":"La Hospeder\u00eda de la Corte se encuentra en Corteconcepci\u00f3n, un peque\u00f1o municipio situado en el coraz\u00f3n del Parque Natural de la Sierra de Aracena y Picos de Aroche. Este Parque ocupa una superficie de 186.827 hect\u00e1reas, repartidas entre 28 municipios. La dehesa: el para\u00edso de los \u201cpata negra\u201d Nada m\u00e1s\u2026","rel":"","context":"En \u00abSin categor\u00eda\u00bb","block_context":{"text":"Sin categor\u00eda","link":"https:\/\/casadelacorte.evolucion.center\/?cat=1"},"img":{"alt_text":"Dehesa Sierra de Aracena","src":"https:\/\/i0.wp.com\/casadelacorte.evolucion.center\/wp-content\/uploads\/2020\/08\/Sierra-de-Aracena-La-Casa-de-la-Corte.jpg?resize=350%2C200&ssl=1","width":350,"height":200,"srcset":"https:\/\/i0.wp.com\/casadelacorte.evolucion.center\/wp-content\/uploads\/2020\/08\/Sierra-de-Aracena-La-Casa-de-la-Corte.jpg?resize=350%2C200&ssl=1 1x, https:\/\/i0.wp.com\/casadelacorte.evolucion.center\/wp-content\/uploads\/2020\/08\/Sierra-de-Aracena-La-Casa-de-la-Corte.jpg?resize=525%2C300&ssl=1 1.5x, https:\/\/i0.wp.com\/casadelacorte.evolucion.center\/wp-content\/uploads\/2020\/08\/Sierra-de-Aracena-La-Casa-de-la-Corte.jpg?resize=700%2C400&ssl=1 2x"},"classes":[]},{"id":1435,"url":"https:\/\/casadelacorte.evolucion.center\/?p=1435","url_meta":{"origin":2601,"position":5},"title":"Corteconcepci\u00f3n: un paseo por su historia, sus fiestas y su patrimonio","author":"casadelacorte.evolucion.center","date":"11 de octubre de 2020","format":false,"excerpt":"Corteconcepci\u00f3n: historia, fiestas y patrimonio hist\u00f3rico - cultural Corteconcepci\u00f3n: El mirador de la Ribera A la umbr\u00eda de la Sierra de La Corte, esta poblaci\u00f3n se sit\u00faa en el coraz\u00f3n del Parque Natural de Aracena y Picos de Aroche, en el norte de la provincia de Huelva. Corteconcepci\u00f3n est\u00e1 en\u2026","rel":"","context":"En \u00abSin categor\u00eda\u00bb","block_context":{"text":"Sin categor\u00eda","link":"https:\/\/casadelacorte.evolucion.center\/?cat=1"},"img":{"alt_text":"","src":"","width":0,"height":0},"classes":[]}],"jetpack_sharing_enabled":true,"_links":{"self":[{"href":"https:\/\/casadelacorte.evolucion.center\/index.php?rest_route=\/wp\/v2\/posts\/2601","targetHints":{"allow":["GET"]}}],"collection":[{"href":"https:\/\/casadelacorte.evolucion.center\/index.php?rest_route=\/wp\/v2\/posts"}],"about":[{"href":"https:\/\/casadelacorte.evolucion.center\/index.php?rest_route=\/wp\/v2\/types\/post"}],"author":[{"embeddable":true,"href":"https:\/\/casadelacorte.evolucion.center\/index.php?rest_route=\/wp\/v2\/users\/1"}],"replies":[{"embeddable":true,"href":"https:\/\/casadelacorte.evolucion.center\/index.php?rest_route=%2Fwp%2Fv2%2Fcomments&post=2601"}],"version-history":[{"count":8,"href":"https:\/\/casadelacorte.evolucion.center\/index.php?rest_route=\/wp\/v2\/posts\/2601\/revisions"}],"predecessor-version":[{"id":2633,"href":"https:\/\/casadelacorte.evolucion.center\/index.php?rest_route=\/wp\/v2\/posts\/2601\/revisions\/2633"}],"wp:attachment":[{"href":"https:\/\/casadelacorte.evolucion.center\/index.php?rest_route=%2Fwp%2Fv2%2Fmedia&parent=2601"}],"wp:term":[{"taxonomy":"category","embeddable":true,"href":"https:\/\/casadelacorte.evolucion.center\/index.php?rest_route=%2Fwp%2Fv2%2Fcategories&post=2601"},{"taxonomy":"post_tag","embeddable":true,"href":"https:\/\/casadelacorte.evolucion.center\/index.php?rest_route=%2Fwp%2Fv2%2Ftags&post=2601"}],"curies":[{"name":"wp","href":"https:\/\/api.w.org\/{rel}","templated":true}]}}