{"id":2377,"date":"2023-10-01T10:54:54","date_gmt":"2023-10-01T08:54:54","guid":{"rendered":"https:\/\/casadelacorte.evolucion.center\/?p=2377"},"modified":"2023-10-01T10:54:59","modified_gmt":"2023-10-01T08:54:59","slug":"peces-anfibios-aves-y-mamiferos-amenazados-por-la-sobreexplotacion-de-los-acuiferos-de-la-sierra-de-aracena","status":"publish","type":"post","link":"https:\/\/casadelacorte.evolucion.center\/?p=2377","title":{"rendered":"Peces, anfibios, aves y mam\u00edferos amenazados por la sobreexplotaci\u00f3n de los acu\u00edferos de la Sierra de Aracena"},"content":{"rendered":"\n<p><strong><em>Peces, anfibios, aves y mam\u00edferos <\/em>amenazados por la sobreexplotaci\u00f3n de los acu\u00edferos de la Sierra de Aracena<\/strong><\/p>\n\n\n\n<p><em>Jos\u00e9 Carlos Cuerda<\/em><\/p>\n\n\n\n<p>Los arroyos de la Sierra de Aracena son una fuente de vida para numerosas especies de animales y plantas que habitan en este espacio natural. Estos cursos de agua, que nacen en las zonas m\u00e1s altas y se deslizan por las laderas hasta confluir en los r\u00edos principales, crean unos ecosistemas \u00fanicos y diversos, donde se mezclan especies t\u00edpicas del clima mediterr\u00e1neo con otras m\u00e1s propias de ambientes h\u00famedos y frescos. Existen numerosas especies de peces, anfibios, aves y mam\u00edferos que dependen de estos arroyos para sobrevivir.<\/p>\n\n\n\n<h2 class=\"wp-block-heading\">Peces de los arroyos de la Sierra de Aracena<\/h2>\n\n\n\n<p>Los peces son los habitantes m\u00e1s caracter\u00edsticos de estos ecosistemas acu\u00e1ticos, y en la Sierra de Aracena se encuentran algunas especies end\u00e9micas o con una distribuci\u00f3n muy limitada, como el barbo comizo, el barbo cabecicorto, el jarabugo, la boga del Guadiana, la pardilla y el calandino. Estos peces se alimentan de insectos, crust\u00e1ceos, moluscos y algas que encuentran en el fondo o en la superficie del agua. A su vez, son el alimento de otros animales como las nutrias, los martines pescadores o las garzas.<\/p>\n\n\n\n<figure class=\"wp-block-gallery has-nested-images columns-default is-cropped wp-block-gallery-1 is-layout-flex wp-block-gallery-is-layout-flex\">\n<figure class=\"wp-block-image size-large\"><img fetchpriority=\"high\" decoding=\"async\" width=\"267\" height=\"189\" data-id=\"2378\" src=\"https:\/\/casadelacorte.evolucion.center\/wp-content\/uploads\/2023\/10\/calandino.jpeg\" alt=\"\" class=\"wp-image-2378\"\/><\/figure>\n\n\n\n<figure class=\"wp-block-image size-large\"><img decoding=\"async\" width=\"296\" height=\"170\" data-id=\"2381\" src=\"https:\/\/casadelacorte.evolucion.center\/wp-content\/uploads\/2023\/10\/jarabugo.jpeg\" alt=\"\" class=\"wp-image-2381\"\/><\/figure>\n\n\n\n<figure class=\"wp-block-image size-large\"><img decoding=\"async\" width=\"275\" height=\"183\" data-id=\"2380\" src=\"https:\/\/casadelacorte.evolucion.center\/wp-content\/uploads\/2023\/10\/pardilla.jpeg\" alt=\"\" class=\"wp-image-2380\"\/><\/figure>\n\n\n\n<figure class=\"wp-block-image size-large\"><img loading=\"lazy\" decoding=\"async\" width=\"400\" height=\"265\" data-id=\"2383\" src=\"https:\/\/casadelacorte.evolucion.center\/wp-content\/uploads\/2023\/10\/barbo-cabecicorto.jpg\" alt=\"\" class=\"wp-image-2383\" srcset=\"https:\/\/casadelacorte.evolucion.center\/wp-content\/uploads\/2023\/10\/barbo-cabecicorto.jpg 400w, https:\/\/casadelacorte.evolucion.center\/wp-content\/uploads\/2023\/10\/barbo-cabecicorto-300x199.jpg 300w\" sizes=\"(max-width: 400px) 100vw, 400px\" \/><\/figure>\n\n\n\n<figure class=\"wp-block-image size-large\"><img loading=\"lazy\" decoding=\"async\" width=\"314\" height=\"161\" data-id=\"2382\" src=\"https:\/\/casadelacorte.evolucion.center\/wp-content\/uploads\/2023\/10\/Barbo-Comizo.jpeg\" alt=\"\" class=\"wp-image-2382\" srcset=\"https:\/\/casadelacorte.evolucion.center\/wp-content\/uploads\/2023\/10\/Barbo-Comizo.jpeg 314w, https:\/\/casadelacorte.evolucion.center\/wp-content\/uploads\/2023\/10\/Barbo-Comizo-300x154.jpeg 300w\" sizes=\"(max-width: 314px) 100vw, 314px\" \/><\/figure>\n\n\n\n<figure class=\"wp-block-image size-large\"><img loading=\"lazy\" decoding=\"async\" width=\"279\" height=\"180\" data-id=\"2384\" src=\"https:\/\/casadelacorte.evolucion.center\/wp-content\/uploads\/2023\/10\/boga-del-guadiana-1.jpeg\" alt=\"\" class=\"wp-image-2384\"\/><\/figure>\n<\/figure>\n\n\n\n<h2 class=\"wp-block-heading\">Anfibios de la Sierra de Aracena<\/h2>\n\n\n\n<p>Numerosos anfibios requieren de los arroyos para completar su ciclo vital. En los arroyos de la Sierra de Aracena se pueden observar varias especies de ranas, sapos, salamandras y tritones. Estos anfibios se reproducen en el agua, donde depositan sus huevos y donde se desarrollan sus larvas. Algunas especies permanecen en el agua durante toda su vida, mientras que otras salen a tierra firme cuando alcanzan la forma adulta. Los anfibios se alimentan de insectos, gusanos, caracoles y otros peque\u00f1os animales que cazan con su lengua pegajosa o con sus dientes. A su vez, son el alimento de otros animales como las culebras, las rapaces o los mam\u00edferos carn\u00edvoros.<\/p>\n\n\n\n<figure class=\"wp-block-gallery has-nested-images columns-default is-cropped wp-block-gallery-2 is-layout-flex wp-block-gallery-is-layout-flex\">\n<figure class=\"wp-block-image size-large\"><img loading=\"lazy\" decoding=\"async\" width=\"259\" height=\"194\" data-id=\"2385\" src=\"https:\/\/casadelacorte.evolucion.center\/wp-content\/uploads\/2023\/10\/Salamandra-comun.jpeg\" alt=\"\" class=\"wp-image-2385\"\/><\/figure>\n\n\n\n<figure class=\"wp-block-image size-large\"><img loading=\"lazy\" decoding=\"async\" width=\"275\" height=\"183\" data-id=\"2386\" src=\"https:\/\/casadelacorte.evolucion.center\/wp-content\/uploads\/2023\/10\/Sapo-comun.jpeg\" alt=\"\" class=\"wp-image-2386\"\/><\/figure>\n\n\n\n<figure class=\"wp-block-image size-large\"><img loading=\"lazy\" decoding=\"async\" width=\"293\" height=\"172\" data-id=\"2387\" src=\"https:\/\/casadelacorte.evolucion.center\/wp-content\/uploads\/2023\/10\/Rana-de-San-Antonio.jpeg\" alt=\"\" class=\"wp-image-2387\"\/><\/figure>\n<\/figure>\n\n\n\n<h2 class=\"wp-block-heading\">Aves de la Sierra de Aracena<\/h2>\n\n\n\n<p>Las aves son otro grupo de animales que necesitan de los arroyos para sobrevivir. En la Sierra de Aracena se pueden ver muchas especies de aves acu\u00e1ticas o relacionadas con el agua. Algunas de estas aves son migratorias y solo pasan por la zona en determinadas \u00e9pocas del a\u00f1o, mientras que otras son residentes y permanecen todo el a\u00f1o. As\u00ed, es frecuente encontrar en estos h\u00e1bitats trepadores azules, picapinos, herrerillos capuchinos, picogordos y martines pescadores. Las aves acu\u00e1ticas se alimentan de peces, anfibios, crust\u00e1ceos, moluscos y plantas que encuentran en el agua o en sus orillas. Algunas especies construyen sus nidos en los \u00e1rboles o arbustos cercanos al agua, mientras que otras lo hacen directamente sobre el agua o entre las rocas. Las aves acu\u00e1ticas son el alimento de otros animales como los zorros, los gatos monteses o las \u00e1guilas.<\/p>\n\n\n\n<figure class=\"wp-block-gallery has-nested-images columns-default is-cropped wp-block-gallery-3 is-layout-flex wp-block-gallery-is-layout-flex\">\n<figure class=\"wp-block-image size-large\"><img loading=\"lazy\" decoding=\"async\" width=\"225\" height=\"225\" data-id=\"2388\" src=\"https:\/\/casadelacorte.evolucion.center\/wp-content\/uploads\/2023\/10\/martin-pescador.jpeg\" alt=\"\" class=\"wp-image-2388\" srcset=\"https:\/\/casadelacorte.evolucion.center\/wp-content\/uploads\/2023\/10\/martin-pescador.jpeg 225w, https:\/\/casadelacorte.evolucion.center\/wp-content\/uploads\/2023\/10\/martin-pescador-150x150.jpeg 150w\" sizes=\"(max-width: 225px) 100vw, 225px\" \/><\/figure>\n\n\n\n<figure class=\"wp-block-image size-large\"><img loading=\"lazy\" decoding=\"async\" width=\"270\" height=\"187\" data-id=\"2391\" src=\"https:\/\/casadelacorte.evolucion.center\/wp-content\/uploads\/2023\/10\/picogordo.jpeg\" alt=\"\" class=\"wp-image-2391\"\/><\/figure>\n\n\n\n<figure class=\"wp-block-image size-large\"><img loading=\"lazy\" decoding=\"async\" width=\"275\" height=\"183\" data-id=\"2389\" src=\"https:\/\/casadelacorte.evolucion.center\/wp-content\/uploads\/2023\/10\/herrerillo-capuchino.jpeg\" alt=\"\" class=\"wp-image-2389\"\/><\/figure>\n\n\n\n<figure class=\"wp-block-image size-large\"><img loading=\"lazy\" decoding=\"async\" width=\"259\" height=\"194\" data-id=\"2390\" src=\"https:\/\/casadelacorte.evolucion.center\/wp-content\/uploads\/2023\/10\/picapinos.jpeg\" alt=\"\" class=\"wp-image-2390\"\/><\/figure>\n\n\n\n<figure class=\"wp-block-image size-large\"><img loading=\"lazy\" decoding=\"async\" width=\"268\" height=\"188\" data-id=\"2392\" src=\"https:\/\/casadelacorte.evolucion.center\/wp-content\/uploads\/2023\/10\/trepador-azul.jpeg\" alt=\"\" class=\"wp-image-2392\"\/><\/figure>\n<\/figure>\n\n\n\n<h2 class=\"wp-block-heading\">Mam\u00edferos de la Sierra de Aracena<\/h2>\n\n\n\n<p>Los mam\u00edferos son otro grupo de animales que dependen de los arroyos para sobrevivir. En la Sierra de Aracena se pueden encontrar varias especies de mam\u00edferos terrestres o semiacu\u00e1ticos que utilizan el agua para beber, refrescarse o cazar. Algunas de estas especies son el jabal\u00ed, el ciervo, el gamo, la nutria, el tej\u00f3n, el zorro o la gineta. Estos mam\u00edferos se alimentan de vegetales, frutos secos, hongos o animales que encuentran en el bosque o en las riberas. Algunas especies construyen sus madrigueras o guaridas cerca del agua, mientras que otras lo hacen en lugares m\u00e1s alejados.<\/p>\n\n\n\n<figure class=\"wp-block-gallery has-nested-images columns-default is-cropped wp-block-gallery-4 is-layout-flex wp-block-gallery-is-layout-flex\">\n<figure class=\"wp-block-image size-large\"><img loading=\"lazy\" decoding=\"async\" width=\"275\" height=\"183\" data-id=\"2393\" src=\"https:\/\/casadelacorte.evolucion.center\/wp-content\/uploads\/2023\/10\/zorro.jpeg\" alt=\"\" class=\"wp-image-2393\"\/><\/figure>\n\n\n\n<figure class=\"wp-block-image size-large\"><img loading=\"lazy\" decoding=\"async\" width=\"1024\" height=\"681\" data-id=\"2400\" src=\"https:\/\/casadelacorte.evolucion.center\/wp-content\/uploads\/2023\/10\/lince-1024x681.jpg\" alt=\"\" class=\"wp-image-2400\" srcset=\"https:\/\/casadelacorte.evolucion.center\/wp-content\/uploads\/2023\/10\/lince-1024x681.jpg 1024w, https:\/\/casadelacorte.evolucion.center\/wp-content\/uploads\/2023\/10\/lince-300x200.jpg 300w, https:\/\/casadelacorte.evolucion.center\/wp-content\/uploads\/2023\/10\/lince-768x511.jpg 768w, https:\/\/casadelacorte.evolucion.center\/wp-content\/uploads\/2023\/10\/lince-1536x1022.jpg 1536w, https:\/\/casadelacorte.evolucion.center\/wp-content\/uploads\/2023\/10\/lince-2048x1363.jpg 2048w\" sizes=\"(max-width: 1024px) 100vw, 1024px\" \/><\/figure>\n\n\n\n<figure class=\"wp-block-image size-large\"><img loading=\"lazy\" decoding=\"async\" width=\"228\" height=\"221\" data-id=\"2394\" src=\"https:\/\/casadelacorte.evolucion.center\/wp-content\/uploads\/2023\/10\/tejon.jpeg\" alt=\"\" class=\"wp-image-2394\"\/><\/figure>\n\n\n\n<figure class=\"wp-block-image size-large\"><img loading=\"lazy\" decoding=\"async\" width=\"236\" height=\"214\" data-id=\"2395\" src=\"https:\/\/casadelacorte.evolucion.center\/wp-content\/uploads\/2023\/10\/nutria.jpeg\" alt=\"\" class=\"wp-image-2395\"\/><\/figure>\n\n\n\n<figure class=\"wp-block-image size-large\"><img loading=\"lazy\" decoding=\"async\" width=\"250\" height=\"188\" data-id=\"2398\" src=\"https:\/\/casadelacorte.evolucion.center\/wp-content\/uploads\/2023\/10\/gamo.jpeg\" alt=\"\" class=\"wp-image-2398\"\/><\/figure>\n\n\n\n<figure class=\"wp-block-image size-large\"><img loading=\"lazy\" decoding=\"async\" width=\"259\" height=\"194\" data-id=\"2396\" src=\"https:\/\/casadelacorte.evolucion.center\/wp-content\/uploads\/2023\/10\/ciervo.jpeg\" alt=\"\" class=\"wp-image-2396\"\/><\/figure>\n\n\n\n<figure class=\"wp-block-image size-large\"><img loading=\"lazy\" decoding=\"async\" width=\"275\" height=\"183\" data-id=\"2399\" src=\"https:\/\/casadelacorte.evolucion.center\/wp-content\/uploads\/2023\/10\/jabali.jpeg\" alt=\"\" class=\"wp-image-2399\"\/><\/figure>\n<\/figure>\n\n\n\n<p>Como se puede apreciar, los arroyos de la Sierra de Aracena son una fuente de vida para numerosas especies de animales que habitan en este espacio natural. Estos ecosistemas acu\u00e1ticos son muy fr\u00e1giles y vulnerables ante las amenazas humanas como la contaminaci\u00f3n, la sobreexplotaci\u00f3n de los acu\u00edferos de la Sierra de Aracena, la introducci\u00f3n de especies ex\u00f3ticas o el cambio clim\u00e1tico. Por eso, es importante protegerlos y conservarlos, para garantizar su supervivencia y la de todos los seres que dependen de ellos.<\/p>\n\n\n\n<h2 class=\"wp-block-heading\">Sobreexplotaci\u00f3n de los acu\u00edferos de la Sierra de Aracena<\/h2>\n\n\n\n<p>De todas estas amenazas, la sobreexplotaci\u00f3n de los acu\u00edferos de la Sierra de Aracena es en la actualidad un enorme motivo de preocupaci\u00f3n. La puesta en marcha en julio de 2023 por parte de Giahsa de un nuevo bombeo de gran capacidad junto al manantial de la Fuente del Rey ha provocado la desecaci\u00f3n del arroyo del mismo nombre y la completa desaparici\u00f3n de la Cascada de los Molinos, un importante recurso tur\u00edstico del municipio de Corteconcepci\u00f3n. El enorme impacto medioambiental de esta actuaci\u00f3n se ha visto agravado por las altas temperaturas y la ausencia de lluvia durante todo el periodo estival. Sorprende que las autoridades responsables de la conservaci\u00f3n de los ecosistemas del Parque Natural de la Sierra de Aracena y Picos de Aroche no hayan exigido a Giahsa la adopci\u00f3n de medidas correctoras, como es el aporte al arroyo Fuente del Rey del caudal ecol\u00f3gico exigido por la Ley de Agua. <\/p>\n\n\n\n<p>Esperemos que la Junta de Andaluc\u00eda, responsable de la conservaci\u00f3n de los ecosistemas del parque natural, tome cartas en el asunto y ponga en marcha las actuaciones necesarias para garantizar la supervivencia de los animales cuya vida se encuentra amenazada.<\/p>\n\n\n\n<p>Flora y Fauna del Parque Natural Sierra de Aracena y Picos de Aroche. <a href=\"https:\/\/docecanos.com\/2018\/01\/09\/flora-fauna-huelva\/\">https:\/\/docecanos.com\/2018\/01\/09\/flora-fauna-huelva\/<\/a>.<\/p>\n\n\n\n<p>Sierra de Aracena y Picos de Aroche &#8211; Andaluc\u00eda. <a href=\"https:\/\/www.andalucia.org\/es\/espacios-naturales-sierra-de-aracena-y-picos-de-aroche.\">https:\/\/www.andalucia.org\/es\/espacios-naturales-sierra-de-aracena-y-picos-de-aroche.<\/a><\/p>\n\n\n\n<p>Parque Natural de Sierra de Aracena y Picos de Aroche. <a href=\"http:\/\/www.sierradearacena.com\/\">http:\/\/www.sierradearacena.com\/<\/a>.<\/p>\n\n\n\n<p>La flora en la Sierra de Aracena | M\u00e9todo Ambiental. <a href=\"https:\/\/metodoambiental.com\/la-flora-en-la-sierra-de-aracena\/.\">https:\/\/metodoambiental.com\/la-flora-en-la-sierra-de-aracena\/.<\/a><\/p>\n\n\n\n<p>Sierra de Aracena | Parques Naturales | Espa\u00f1a Fascinante. https:\/\/espanafascinante.com\/aire-libre\/sierra-de-aracena\/.<\/p>\n","protected":false},"excerpt":{"rendered":"<p>Peces, anfibios, aves y mam\u00edferos amenazados por la sobreexplotaci\u00f3n de los acu\u00edferos de la Sierra de Aracena Jos\u00e9 Carlos Cuerda Los arroyos de la Sierra de Aracena son una fuente de vida para numerosas especies de animales y plantas que habitan en este espacio natural. Estos cursos de agua, que nacen en las zonas m\u00e1s [&hellip;]<\/p>\n","protected":false},"author":1,"featured_media":0,"comment_status":"open","ping_status":"open","sticky":false,"template":"","format":"standard","meta":{"ocean_post_layout":"","ocean_both_sidebars_style":"","ocean_both_sidebars_content_width":0,"ocean_both_sidebars_sidebars_width":0,"ocean_sidebar":"0","ocean_second_sidebar":"0","ocean_disable_margins":"enable","ocean_add_body_class":"","ocean_shortcode_before_top_bar":"","ocean_shortcode_after_top_bar":"","ocean_shortcode_before_header":"","ocean_shortcode_after_header":"","ocean_has_shortcode":"","ocean_shortcode_after_title":"","ocean_shortcode_before_footer_widgets":"","ocean_shortcode_after_footer_widgets":"","ocean_shortcode_before_footer_bottom":"","ocean_shortcode_after_footer_bottom":"","ocean_display_top_bar":"default","ocean_display_header":"default","ocean_header_style":"","ocean_center_header_left_menu":"0","ocean_custom_header_template":"0","ocean_custom_logo":0,"ocean_custom_retina_logo":0,"ocean_custom_logo_max_width":0,"ocean_custom_logo_tablet_max_width":0,"ocean_custom_logo_mobile_max_width":0,"ocean_custom_logo_max_height":0,"ocean_custom_logo_tablet_max_height":0,"ocean_custom_logo_mobile_max_height":0,"ocean_header_custom_menu":"0","ocean_menu_typo_font_family":"0","ocean_menu_typo_font_subset":"","ocean_menu_typo_font_size":0,"ocean_menu_typo_font_size_tablet":0,"ocean_menu_typo_font_size_mobile":0,"ocean_menu_typo_font_size_unit":"px","ocean_menu_typo_font_weight":"","ocean_menu_typo_font_weight_tablet":"","ocean_menu_typo_font_weight_mobile":"","ocean_menu_typo_transform":"","ocean_menu_typo_transform_tablet":"","ocean_menu_typo_transform_mobile":"","ocean_menu_typo_line_height":0,"ocean_menu_typo_line_height_tablet":0,"ocean_menu_typo_line_height_mobile":0,"ocean_menu_typo_line_height_unit":"","ocean_menu_typo_spacing":0,"ocean_menu_typo_spacing_tablet":0,"ocean_menu_typo_spacing_mobile":0,"ocean_menu_typo_spacing_unit":"","ocean_menu_link_color":"","ocean_menu_link_color_hover":"","ocean_menu_link_color_active":"","ocean_menu_link_background":"","ocean_menu_link_hover_background":"","ocean_menu_link_active_background":"","ocean_menu_social_links_bg":"","ocean_menu_social_hover_links_bg":"","ocean_menu_social_links_color":"","ocean_menu_social_hover_links_color":"","ocean_disable_title":"default","ocean_disable_heading":"default","ocean_post_title":"","ocean_post_subheading":"","ocean_post_title_style":"","ocean_post_title_background_color":"","ocean_post_title_background":0,"ocean_post_title_bg_image_position":"","ocean_post_title_bg_image_attachment":"","ocean_post_title_bg_image_repeat":"","ocean_post_title_bg_image_size":"","ocean_post_title_height":0,"ocean_post_title_bg_overlay":0.5,"ocean_post_title_bg_overlay_color":"","ocean_disable_breadcrumbs":"default","ocean_breadcrumbs_color":"","ocean_breadcrumbs_separator_color":"","ocean_breadcrumbs_links_color":"","ocean_breadcrumbs_links_hover_color":"","ocean_display_footer_widgets":"default","ocean_display_footer_bottom":"default","ocean_custom_footer_template":"0","_jetpack_memberships_contains_paid_content":false,"ocean_post_oembed":"","ocean_post_self_hosted_media":"","ocean_post_video_embed":"","ocean_link_format":"","ocean_link_format_target":"self","ocean_quote_format":"","ocean_quote_format_link":"post","ocean_gallery_link_images":"off","ocean_gallery_id":[],"footnotes":""},"categories":[1],"tags":[],"class_list":["post-2377","post","type-post","status-publish","format-standard","hentry","category-sin-categoria","entry"],"jetpack_featured_media_url":"","jetpack-related-posts":[{"id":2372,"url":"https:\/\/casadelacorte.evolucion.center\/?p=2372","url_meta":{"origin":2377,"position":0},"title":"La sobreexplotaci\u00f3n del acu\u00edfero de la Sierra de Aracena y su impacto medioambiental","author":"casadelacorte.evolucion.center","date":"19 de septiembre de 2023","format":false,"excerpt":"La sobreexplotaci\u00f3n del acu\u00edfero de la Sierra de Aracena por parte de Giahsa y su impacto medioambiental es un tema de preocupaci\u00f3n que merece atenci\u00f3n. El pantano de Aracena, ubicado a solo tres kil\u00f3metros del sistema de abastecimiento de agua a los pueblos de la sierra, se encuentra en un\u2026","rel":"","context":"En \u00abSin categor\u00eda\u00bb","block_context":{"text":"Sin categor\u00eda","link":"https:\/\/casadelacorte.evolucion.center\/?cat=1"},"img":{"alt_text":"","src":"https:\/\/i0.wp.com\/casadelacorte.evolucion.center\/wp-content\/uploads\/2023\/09\/Cascada-Molinos-tras-la-puesta-en-marcha-del-pozo-de-Giahsa-en-julio-de-2023-1.jpg?resize=350%2C200&ssl=1","width":350,"height":200,"srcset":"https:\/\/i0.wp.com\/casadelacorte.evolucion.center\/wp-content\/uploads\/2023\/09\/Cascada-Molinos-tras-la-puesta-en-marcha-del-pozo-de-Giahsa-en-julio-de-2023-1.jpg?resize=350%2C200&ssl=1 1x, https:\/\/i0.wp.com\/casadelacorte.evolucion.center\/wp-content\/uploads\/2023\/09\/Cascada-Molinos-tras-la-puesta-en-marcha-del-pozo-de-Giahsa-en-julio-de-2023-1.jpg?resize=525%2C300&ssl=1 1.5x, https:\/\/i0.wp.com\/casadelacorte.evolucion.center\/wp-content\/uploads\/2023\/09\/Cascada-Molinos-tras-la-puesta-en-marcha-del-pozo-de-Giahsa-en-julio-de-2023-1.jpg?resize=700%2C400&ssl=1 2x, https:\/\/i0.wp.com\/casadelacorte.evolucion.center\/wp-content\/uploads\/2023\/09\/Cascada-Molinos-tras-la-puesta-en-marcha-del-pozo-de-Giahsa-en-julio-de-2023-1.jpg?resize=1050%2C600&ssl=1 3x"},"classes":[]},{"id":1343,"url":"https:\/\/casadelacorte.evolucion.center\/?p=1343","url_meta":{"origin":2377,"position":1},"title":"\u00bfSab\u00edas que las dehesas ya exist\u00edan en tiempos romanos, y que recibieron un fuerte impulso tras el descubrimiento de Am\u00e9rica?","author":"casadelacorte.evolucion.center","date":"16 de agosto de 2020","format":false,"excerpt":"La Hospeder\u00eda de la Corte se encuentra en Corteconcepci\u00f3n, un peque\u00f1o municipio situado en el coraz\u00f3n del Parque Natural de la Sierra de Aracena y Picos de Aroche. Este Parque ocupa una superficie de 186.827 hect\u00e1reas, repartidas entre 28 municipios. La dehesa: el para\u00edso de los \u201cpata negra\u201d Nada m\u00e1s\u2026","rel":"","context":"En \u00abSin categor\u00eda\u00bb","block_context":{"text":"Sin categor\u00eda","link":"https:\/\/casadelacorte.evolucion.center\/?cat=1"},"img":{"alt_text":"Dehesa Sierra de Aracena","src":"https:\/\/i0.wp.com\/casadelacorte.evolucion.center\/wp-content\/uploads\/2020\/08\/Sierra-de-Aracena-La-Casa-de-la-Corte.jpg?resize=350%2C200&ssl=1","width":350,"height":200,"srcset":"https:\/\/i0.wp.com\/casadelacorte.evolucion.center\/wp-content\/uploads\/2020\/08\/Sierra-de-Aracena-La-Casa-de-la-Corte.jpg?resize=350%2C200&ssl=1 1x, https:\/\/i0.wp.com\/casadelacorte.evolucion.center\/wp-content\/uploads\/2020\/08\/Sierra-de-Aracena-La-Casa-de-la-Corte.jpg?resize=525%2C300&ssl=1 1.5x, https:\/\/i0.wp.com\/casadelacorte.evolucion.center\/wp-content\/uploads\/2020\/08\/Sierra-de-Aracena-La-Casa-de-la-Corte.jpg?resize=700%2C400&ssl=1 2x"},"classes":[]},{"id":2350,"url":"https:\/\/casadelacorte.evolucion.center\/?p=2350","url_meta":{"origin":2377,"position":2},"title":"La triste historia del hombre que hizo un pozo junto a un manantial","author":"casadelacorte.evolucion.center","date":"19 de septiembre de 2023","format":false,"excerpt":"La-triste-historia-del-hombre-que-hizo-un-pozo-junto-a-un-manantialDescarga \u00c9rase una vez un hombre que viv\u00eda en un bosque junto a un arroyo. El hombre quer\u00eda tener m\u00e1s agua para regar sus cultivos y llenar su piscina. As\u00ed que decidi\u00f3 hacer un pozo junto a un manantial que brotaba cerca del arroyo. El hombre cav\u00f3 y cav\u00f3 hasta\u2026","rel":"","context":"En \u00abSin categor\u00eda\u00bb","block_context":{"text":"Sin categor\u00eda","link":"https:\/\/casadelacorte.evolucion.center\/?cat=1"},"img":{"alt_text":"","src":"https:\/\/i0.wp.com\/casadelacorte.evolucion.center\/wp-content\/uploads\/2023\/09\/Cascada-Molinos-antes-de-la-puesta-en-marcha-del-pozo-de-Giahsa-en-julio-de-2023.jpg?resize=350%2C200&ssl=1","width":350,"height":200,"srcset":"https:\/\/i0.wp.com\/casadelacorte.evolucion.center\/wp-content\/uploads\/2023\/09\/Cascada-Molinos-antes-de-la-puesta-en-marcha-del-pozo-de-Giahsa-en-julio-de-2023.jpg?resize=350%2C200&ssl=1 1x, https:\/\/i0.wp.com\/casadelacorte.evolucion.center\/wp-content\/uploads\/2023\/09\/Cascada-Molinos-antes-de-la-puesta-en-marcha-del-pozo-de-Giahsa-en-julio-de-2023.jpg?resize=525%2C300&ssl=1 1.5x"},"classes":[]},{"id":1402,"url":"https:\/\/casadelacorte.evolucion.center\/?p=1402","url_meta":{"origin":2377,"position":3},"title":"21 rutas de senderismo en la Sierra de Aracena.","author":"casadelacorte.evolucion.center","date":"6 de octubre de 2020","format":false,"excerpt":"21 rutas de senderismo en la Sierra de Aracena. 200 km de senderos para los amantes de la naturaleza El turismo activo es una de las maneras m\u00e1s m\u00e1gicas de disfrutar de la naturaleza, gracias al estrecho v\u00ednculo que el viajero establece con el entorno natural visitado. Este contacto permite,\u2026","rel":"","context":"En \u00abSin categor\u00eda\u00bb","block_context":{"text":"Sin categor\u00eda","link":"https:\/\/casadelacorte.evolucion.center\/?cat=1"},"img":{"alt_text":"rutas de senderismo en la Sierra de Aracena","src":"https:\/\/i0.wp.com\/casadelacorte.evolucion.center\/wp-content\/uploads\/2020\/10\/senderos-en-la-sierra-de-aracena.jpg?resize=350%2C200&ssl=1","width":350,"height":200,"srcset":"https:\/\/i0.wp.com\/casadelacorte.evolucion.center\/wp-content\/uploads\/2020\/10\/senderos-en-la-sierra-de-aracena.jpg?resize=350%2C200&ssl=1 1x, https:\/\/i0.wp.com\/casadelacorte.evolucion.center\/wp-content\/uploads\/2020\/10\/senderos-en-la-sierra-de-aracena.jpg?resize=525%2C300&ssl=1 1.5x, https:\/\/i0.wp.com\/casadelacorte.evolucion.center\/wp-content\/uploads\/2020\/10\/senderos-en-la-sierra-de-aracena.jpg?resize=700%2C400&ssl=1 2x"},"classes":[]},{"id":1363,"url":"https:\/\/casadelacorte.evolucion.center\/?p=1363","url_meta":{"origin":2377,"position":4},"title":"Ya est\u00e1 aqu\u00ed la temporada de setas en la Sierra de Aracena","author":"casadelacorte.evolucion.center","date":"20 de septiembre de 2020","format":false,"excerpt":"Han llegado las primeras lluvias del oto\u00f1o, y con ellas muy pronto comenzar\u00e1 la temporada de setas en la Sierra de Aracena. La riqueza gastron\u00f3mica de estos montes te sorprender\u00e1 y se hace patente en la gran variedad de setas deliciosas que probaremos este oto\u00f1o: tentullos, tanas, gallipiernos, n\u00edscalos o,\u2026","rel":"","context":"En \u00abSin categor\u00eda\u00bb","block_context":{"text":"Sin categor\u00eda","link":"https:\/\/casadelacorte.evolucion.center\/?cat=1"},"img":{"alt_text":"","src":"https:\/\/i0.wp.com\/casadelacorte.evolucion.center\/wp-content\/uploads\/2020\/09\/01-Tana-1.jpg?resize=350%2C200&ssl=1","width":350,"height":200,"srcset":"https:\/\/i0.wp.com\/casadelacorte.evolucion.center\/wp-content\/uploads\/2020\/09\/01-Tana-1.jpg?resize=350%2C200&ssl=1 1x, https:\/\/i0.wp.com\/casadelacorte.evolucion.center\/wp-content\/uploads\/2020\/09\/01-Tana-1.jpg?resize=525%2C300&ssl=1 1.5x, https:\/\/i0.wp.com\/casadelacorte.evolucion.center\/wp-content\/uploads\/2020\/09\/01-Tana-1.jpg?resize=700%2C400&ssl=1 2x, https:\/\/i0.wp.com\/casadelacorte.evolucion.center\/wp-content\/uploads\/2020\/09\/01-Tana-1.jpg?resize=1050%2C600&ssl=1 3x"},"classes":[]},{"id":967,"url":"https:\/\/casadelacorte.evolucion.center\/?p=967","url_meta":{"origin":2377,"position":5},"title":"\u00bfSab\u00edas que la Sierra de Aracena fue un oc\u00e9ano hace 570 millones de a\u00f1os?","author":"casadelacorte.evolucion.center","date":"19 de junio de 2020","format":false,"excerpt":"Son muchas las historias que el paso del tiempo ha ido tejiendo en este territorio. Desde el coraz\u00f3n del Parque Natural de la Sierra de Aracena, te damos la bienvenida al blog de la Casa Rural \"La Hospeder\u00eda de la Corte\": un blog que te ayudar\u00e1 a descubrir los rincones\u2026","rel":"","context":"En \u00abSin categor\u00eda\u00bb","block_context":{"text":"Sin categor\u00eda","link":"https:\/\/casadelacorte.evolucion.center\/?cat=1"},"img":{"alt_text":"","src":"https:\/\/i0.wp.com\/casadelacorte.evolucion.center\/wp-content\/uploads\/2020\/06\/Medusa.jpg?resize=350%2C200&ssl=1","width":350,"height":200,"srcset":"https:\/\/i0.wp.com\/casadelacorte.evolucion.center\/wp-content\/uploads\/2020\/06\/Medusa.jpg?resize=350%2C200&ssl=1 1x, https:\/\/i0.wp.com\/casadelacorte.evolucion.center\/wp-content\/uploads\/2020\/06\/Medusa.jpg?resize=525%2C300&ssl=1 1.5x, https:\/\/i0.wp.com\/casadelacorte.evolucion.center\/wp-content\/uploads\/2020\/06\/Medusa.jpg?resize=700%2C400&ssl=1 2x"},"classes":[]}],"jetpack_sharing_enabled":true,"_links":{"self":[{"href":"https:\/\/casadelacorte.evolucion.center\/index.php?rest_route=\/wp\/v2\/posts\/2377","targetHints":{"allow":["GET"]}}],"collection":[{"href":"https:\/\/casadelacorte.evolucion.center\/index.php?rest_route=\/wp\/v2\/posts"}],"about":[{"href":"https:\/\/casadelacorte.evolucion.center\/index.php?rest_route=\/wp\/v2\/types\/post"}],"author":[{"embeddable":true,"href":"https:\/\/casadelacorte.evolucion.center\/index.php?rest_route=\/wp\/v2\/users\/1"}],"replies":[{"embeddable":true,"href":"https:\/\/casadelacorte.evolucion.center\/index.php?rest_route=%2Fwp%2Fv2%2Fcomments&post=2377"}],"version-history":[{"count":1,"href":"https:\/\/casadelacorte.evolucion.center\/index.php?rest_route=\/wp\/v2\/posts\/2377\/revisions"}],"predecessor-version":[{"id":2401,"href":"https:\/\/casadelacorte.evolucion.center\/index.php?rest_route=\/wp\/v2\/posts\/2377\/revisions\/2401"}],"wp:attachment":[{"href":"https:\/\/casadelacorte.evolucion.center\/index.php?rest_route=%2Fwp%2Fv2%2Fmedia&parent=2377"}],"wp:term":[{"taxonomy":"category","embeddable":true,"href":"https:\/\/casadelacorte.evolucion.center\/index.php?rest_route=%2Fwp%2Fv2%2Fcategories&post=2377"},{"taxonomy":"post_tag","embeddable":true,"href":"https:\/\/casadelacorte.evolucion.center\/index.php?rest_route=%2Fwp%2Fv2%2Ftags&post=2377"}],"curies":[{"name":"wp","href":"https:\/\/api.w.org\/{rel}","templated":true}]}}