{"id":2375,"date":"2023-09-27T16:37:03","date_gmt":"2023-09-27T14:37:03","guid":{"rendered":"https:\/\/casadelacorte.evolucion.center\/?p=2375"},"modified":"2023-09-27T16:37:05","modified_gmt":"2023-09-27T14:37:05","slug":"la-triste-historia-de-pedro-el-director-de-un-parque-natural","status":"publish","type":"post","link":"https:\/\/casadelacorte.evolucion.center\/?p=2375","title":{"rendered":"La triste historia de Pedro, el director de un parque natural"},"content":{"rendered":"\n<p>Hab\u00eda una vez un director de un parque natural llamado Pedro. Aunque se supon\u00eda que Pedro deb\u00eda proteger y preservar la belleza natural del parque, result\u00f3 ser un l\u00edder inepto e irresponsable. En lugar de cuidar del parque y sus habitantes, permiti\u00f3 que se construyera un enorme y ruidoso pozo junto a un manantial, un pozo que bombeaba tanta agua hacia la ciudad cercana que en apenas dos horas aquel manantial se sec\u00f3 por completo.<\/p>\n\n\n\n<p>Cuando el agua del manantial se agot\u00f3, el arroyo comenz\u00f3 a secarse. Los animales del bosque perdieron su fuente de agua y comenzaron a morir de sed. Los \u00e1rboles y las plantas se marchitaron. Las cascadas enmudecieron y el aire se llen\u00f3 de tristeza.<\/p>\n\n\n\n<p>Los primeros en sufrir fueron los ciervos. Acostumbrados a beber en el arroyo, se vieron obligados a buscar agua en otros lugares. Sin embargo, no todos tuvieron \u00e9xito. Algunos ciervos murieron de sed, incapaces de encontrar agua suficiente para sobrevivir, y otros murieron enganchados al intentar saltar las vallas de alambre de espinos que separaban aquel valle de los valles cercanos.<\/p>\n\n\n\n<p>A medida que el tiempo pasaba, las flores silvestres tambi\u00e9n comenzaron a desaparecer. Sin agua, no pod\u00edan crecer ni florecer. Sus colores vibrantes y sus dulces fragancias desaparecieron gradualmente, dejando el bosque sin su belleza caracter\u00edstica.<\/p>\n\n\n\n<p>Los p\u00e1jaros tambi\u00e9n sufrieron las consecuencias. Sin agua para beber ni insectos para comer, muchos p\u00e1jaros abandonaron el bosque en busca de lugares m\u00e1s hospitalarios. El canto alegre y melodioso que sol\u00eda llenar el aire se silenci\u00f3 por completo.<\/p>\n\n\n\n<p>E incluso los insectos m\u00e1s peque\u00f1os sintieron los efectos de aquel pozo. Las mariposas ya no revoloteaban entre las flores, y las abejas ya no zumbaban ni recolectaban n\u00e9ctar. El equilibrio natural del bosque se vio alterado, y la vida parec\u00eda desvanecerse lentamente.<\/p>\n\n\n\n<p>A medida que aquel valle se volv\u00eda cada vez m\u00e1s \u00e1rido y desolado, los visitantes dejaron de venir y el parque natural perdi\u00f3 su encanto.<\/p>\n\n\n\n<p>Un vecino, alarmado, fue a visitar al director del parque natural.<\/p>\n\n\n\n<p>&#8211; Pedro, \u00bfhas visto lo que est\u00e1 pasando?<\/p>\n\n\n\n<p>&#8211; No te preocupes, todo est\u00e1 bajo control \u2013 dijo Pedro satisfecho -. Este pozo no afectar\u00e1 al manantial.<\/p>\n\n\n\n<p>&#8211; Pero, Pedro, \u00bfno ves que el arroyo se est\u00e1 secando?<\/p>\n\n\n\n<p>&#8211; No seas alarmista \u2013 respondi\u00f3 Pedro -. El manantial siempre ha tenido altibajos. Todo volver\u00e1 a la normalidad pronto.<\/p>\n\n\n\n<p>&#8211; \u00bfD\u00f3nde est\u00e1 el agua? Tengo sed \u2013 dijo un ciervo que escuch\u00f3 la conversaci\u00f3n.<\/p>\n\n\n\n<p>&#8211; No te preocupes, ciervo. Llover\u00e1 y el agua volver\u00e1 pronto \u2013 afirm\u00f3 Pedro sin mucha convicci\u00f3n, pues los diez \u00faltimos a\u00f1os hab\u00edan sido los m\u00e1s secos y calurosos que se recordaban.<\/p>\n\n\n\n<p>&#8211; \u00bfD\u00f3nde est\u00e1n los insectos? &#8211; cant\u00f3 un p\u00e1jaro -. No hay nada que comer.<\/p>\n\n\n\n<p>&#8211; No te preocupes, p\u00e1jaro. Los insectos volver\u00e1n pronto\u2026 &#8211; contest\u00f3 Pedro.<\/p>\n\n\n\n<p>&#8211; Pedro, esto es un desastre \u2013 insisti\u00f3 otro vecino -. Los animales est\u00e1n muriendo y las plantas se est\u00e1n marchitando.<\/p>\n\n\n\n<p>&#8211; No seas dram\u00e1tico. Todo se arreglar\u00e1 pronto\u2026 &#8211; insisti\u00f3 Pedro.<\/p>\n\n\n\n<p>&#8211; \u00bfQu\u00e9 ha pasado aqu\u00ed? \u2013 pregunt\u00f3 un visitante reci\u00e9n llegado- . El parque parece un desierto. \u00bfD\u00f3nde est\u00e1 la cascada?<\/p>\n\n\n\n<p>&#8211; Pedro permiti\u00f3 que se construyera un pozo que est\u00e1 secando todo el valle \u2013 respondi\u00f3 un anciano con mirada triste y voz apagada.<\/p>\n\n\n\n<p>&#8211; Esto es inaceptable \u2013 exclam\u00f3 el visitante -. Debemos hacer algo para detenerlo.<\/p>\n\n\n\n<p>&#8211; \u00a1S\u00ed! \u2013 dijo una mujer decidida &#8211; \u00a1Un\u00e1monos y exijamos la renuncia de Pedro!<\/p>\n\n\n\n<p><\/p>\n\n\n\n<p>Y eso fue lo que pas\u00f3. Un grupo de vecinos que amaba aquel valle decidi\u00f3 enfrentarse a Pedro y exigir su renuncia. Organizaron protestas pac\u00edficas y difundieron informaci\u00f3n sobre el silencio y la inacci\u00f3n de Pedro. A medida que m\u00e1s personas se un\u00edan a la causa, la presi\u00f3n sobre Pedro aumentaba.<\/p>\n\n\n\n<p>Finalmente, Pedro se vio obligado a renunciar debido a la presi\u00f3n popular. Los vecinos consiguieron cerrar aquel pozo, y trabajaron arduamente para construir una tuber\u00eda hasta un embalse cercano y traer desde all\u00ed el agua que necesitaban, y poco a poco el valle recuper\u00f3 su antiguo verdor.<\/p>\n\n\n\n<p>Con el tiempo, el parque natural volvi\u00f3 a ser un lugar pr\u00f3spero y hermoso. Las cascadas volvieron a fluir, los ciervos volvieron a saltar, las flores mostraban la belleza de sus colores y los visitantes regresaron, maravillados por la belleza natural que los vecinos de aquel lugar hab\u00edan ayudado a preservar. Aprendieron una lecci\u00f3n importante sobre la importancia de elegir l\u00edderes responsables y comprometidos con la protecci\u00f3n de la naturaleza.<\/p>\n\n\n\n<p>Este cuento nos recuerda que todos tenemos la responsabilidad de cuidar y proteger nuestro entorno natural. Tambi\u00e9n nos ense\u00f1a que debemos estar dispuestos a alzar la voz cuando nuestros l\u00edderes no cumplen con sus responsabilidades. Solo as\u00ed podemos asegurar un futuro sostenible para las generaciones venideras.<\/p>\n\n\n\n<p>Espero que te haya gustado el cuento. Cualquier parecido con lo que est\u00e1 sucediendo en la Sierra de Aracena, con motivo del pozo que ha hecho Giahsa en julio de 2023 junto al manantial del arroyo Fuente del Rey, que ha secado por completo la Cascada de los Molinos es l\u00f3gicamente pura coincidencia fruto del azar.<\/p>\n\n\n\n<h1 class=\"wp-block-heading\"><\/h1>\n\n\n\n<figure class=\"wp-block-image size-full\"><img fetchpriority=\"high\" decoding=\"async\" width=\"667\" height=\"375\" src=\"https:\/\/casadelacorte.evolucion.center\/wp-content\/uploads\/2023\/09\/Cascada-Molinos-antes-de-la-puesta-en-marcha-del-pozo-de-Giahsa-en-julio-de-2023-1.jpg\" alt=\"\" class=\"wp-image-2356\" srcset=\"https:\/\/casadelacorte.evolucion.center\/wp-content\/uploads\/2023\/09\/Cascada-Molinos-antes-de-la-puesta-en-marcha-del-pozo-de-Giahsa-en-julio-de-2023-1.jpg 667w, https:\/\/casadelacorte.evolucion.center\/wp-content\/uploads\/2023\/09\/Cascada-Molinos-antes-de-la-puesta-en-marcha-del-pozo-de-Giahsa-en-julio-de-2023-1-300x169.jpg 300w\" sizes=\"(max-width: 667px) 100vw, 667px\" \/><\/figure>\n\n\n\n<figure class=\"wp-block-image size-large\"><img decoding=\"async\" width=\"1024\" height=\"576\" src=\"https:\/\/casadelacorte.evolucion.center\/wp-content\/uploads\/2023\/09\/Cascada-Molinos-tras-la-puesta-en-marcha-del-pozo-de-Giahsa-en-julio-de-2023-1-1024x576.jpg\" alt=\"\" class=\"wp-image-2355\" srcset=\"https:\/\/casadelacorte.evolucion.center\/wp-content\/uploads\/2023\/09\/Cascada-Molinos-tras-la-puesta-en-marcha-del-pozo-de-Giahsa-en-julio-de-2023-1-1024x576.jpg 1024w, https:\/\/casadelacorte.evolucion.center\/wp-content\/uploads\/2023\/09\/Cascada-Molinos-tras-la-puesta-en-marcha-del-pozo-de-Giahsa-en-julio-de-2023-1-300x169.jpg 300w, https:\/\/casadelacorte.evolucion.center\/wp-content\/uploads\/2023\/09\/Cascada-Molinos-tras-la-puesta-en-marcha-del-pozo-de-Giahsa-en-julio-de-2023-1-768x432.jpg 768w, https:\/\/casadelacorte.evolucion.center\/wp-content\/uploads\/2023\/09\/Cascada-Molinos-tras-la-puesta-en-marcha-del-pozo-de-Giahsa-en-julio-de-2023-1-800x450.jpg 800w, https:\/\/casadelacorte.evolucion.center\/wp-content\/uploads\/2023\/09\/Cascada-Molinos-tras-la-puesta-en-marcha-del-pozo-de-Giahsa-en-julio-de-2023-1.jpg 1280w\" sizes=\"(max-width: 1024px) 100vw, 1024px\" \/><\/figure>\n","protected":false},"excerpt":{"rendered":"<p>Hab\u00eda una vez un director de un parque natural llamado Pedro. Aunque se supon\u00eda que Pedro deb\u00eda proteger y preservar la belleza natural del parque, result\u00f3 ser un l\u00edder inepto e irresponsable. En lugar de cuidar del parque y sus habitantes, permiti\u00f3 que se construyera un enorme y ruidoso pozo junto a un manantial, un [&hellip;]<\/p>\n","protected":false},"author":1,"featured_media":0,"comment_status":"open","ping_status":"open","sticky":false,"template":"","format":"standard","meta":{"ocean_post_layout":"","ocean_both_sidebars_style":"","ocean_both_sidebars_content_width":0,"ocean_both_sidebars_sidebars_width":0,"ocean_sidebar":"0","ocean_second_sidebar":"0","ocean_disable_margins":"enable","ocean_add_body_class":"","ocean_shortcode_before_top_bar":"","ocean_shortcode_after_top_bar":"","ocean_shortcode_before_header":"","ocean_shortcode_after_header":"","ocean_has_shortcode":"","ocean_shortcode_after_title":"","ocean_shortcode_before_footer_widgets":"","ocean_shortcode_after_footer_widgets":"","ocean_shortcode_before_footer_bottom":"","ocean_shortcode_after_footer_bottom":"","ocean_display_top_bar":"default","ocean_display_header":"default","ocean_header_style":"","ocean_center_header_left_menu":"0","ocean_custom_header_template":"0","ocean_custom_logo":0,"ocean_custom_retina_logo":0,"ocean_custom_logo_max_width":0,"ocean_custom_logo_tablet_max_width":0,"ocean_custom_logo_mobile_max_width":0,"ocean_custom_logo_max_height":0,"ocean_custom_logo_tablet_max_height":0,"ocean_custom_logo_mobile_max_height":0,"ocean_header_custom_menu":"0","ocean_menu_typo_font_family":"0","ocean_menu_typo_font_subset":"","ocean_menu_typo_font_size":0,"ocean_menu_typo_font_size_tablet":0,"ocean_menu_typo_font_size_mobile":0,"ocean_menu_typo_font_size_unit":"px","ocean_menu_typo_font_weight":"","ocean_menu_typo_font_weight_tablet":"","ocean_menu_typo_font_weight_mobile":"","ocean_menu_typo_transform":"","ocean_menu_typo_transform_tablet":"","ocean_menu_typo_transform_mobile":"","ocean_menu_typo_line_height":0,"ocean_menu_typo_line_height_tablet":0,"ocean_menu_typo_line_height_mobile":0,"ocean_menu_typo_line_height_unit":"","ocean_menu_typo_spacing":0,"ocean_menu_typo_spacing_tablet":0,"ocean_menu_typo_spacing_mobile":0,"ocean_menu_typo_spacing_unit":"","ocean_menu_link_color":"","ocean_menu_link_color_hover":"","ocean_menu_link_color_active":"","ocean_menu_link_background":"","ocean_menu_link_hover_background":"","ocean_menu_link_active_background":"","ocean_menu_social_links_bg":"","ocean_menu_social_hover_links_bg":"","ocean_menu_social_links_color":"","ocean_menu_social_hover_links_color":"","ocean_disable_title":"default","ocean_disable_heading":"default","ocean_post_title":"","ocean_post_subheading":"","ocean_post_title_style":"","ocean_post_title_background_color":"","ocean_post_title_background":0,"ocean_post_title_bg_image_position":"","ocean_post_title_bg_image_attachment":"","ocean_post_title_bg_image_repeat":"","ocean_post_title_bg_image_size":"","ocean_post_title_height":0,"ocean_post_title_bg_overlay":0.5,"ocean_post_title_bg_overlay_color":"","ocean_disable_breadcrumbs":"default","ocean_breadcrumbs_color":"","ocean_breadcrumbs_separator_color":"","ocean_breadcrumbs_links_color":"","ocean_breadcrumbs_links_hover_color":"","ocean_display_footer_widgets":"default","ocean_display_footer_bottom":"default","ocean_custom_footer_template":"0","_jetpack_memberships_contains_paid_content":false,"ocean_post_oembed":"","ocean_post_self_hosted_media":"","ocean_post_video_embed":"","ocean_link_format":"","ocean_link_format_target":"self","ocean_quote_format":"","ocean_quote_format_link":"post","ocean_gallery_link_images":"off","ocean_gallery_id":[],"footnotes":""},"categories":[1],"tags":[],"class_list":["post-2375","post","type-post","status-publish","format-standard","hentry","category-sin-categoria","entry"],"jetpack_featured_media_url":"","jetpack-related-posts":[{"id":2350,"url":"https:\/\/casadelacorte.evolucion.center\/?p=2350","url_meta":{"origin":2375,"position":0},"title":"La triste historia del hombre que hizo un pozo junto a un manantial","author":"casadelacorte.evolucion.center","date":"19 de septiembre de 2023","format":false,"excerpt":"La-triste-historia-del-hombre-que-hizo-un-pozo-junto-a-un-manantialDescarga \u00c9rase una vez un hombre que viv\u00eda en un bosque junto a un arroyo. El hombre quer\u00eda tener m\u00e1s agua para regar sus cultivos y llenar su piscina. As\u00ed que decidi\u00f3 hacer un pozo junto a un manantial que brotaba cerca del arroyo. El hombre cav\u00f3 y cav\u00f3 hasta\u2026","rel":"","context":"En \u00abSin categor\u00eda\u00bb","block_context":{"text":"Sin categor\u00eda","link":"https:\/\/casadelacorte.evolucion.center\/?cat=1"},"img":{"alt_text":"","src":"https:\/\/i0.wp.com\/casadelacorte.evolucion.center\/wp-content\/uploads\/2023\/09\/Cascada-Molinos-antes-de-la-puesta-en-marcha-del-pozo-de-Giahsa-en-julio-de-2023.jpg?resize=350%2C200&ssl=1","width":350,"height":200,"srcset":"https:\/\/i0.wp.com\/casadelacorte.evolucion.center\/wp-content\/uploads\/2023\/09\/Cascada-Molinos-antes-de-la-puesta-en-marcha-del-pozo-de-Giahsa-en-julio-de-2023.jpg?resize=350%2C200&ssl=1 1x, https:\/\/i0.wp.com\/casadelacorte.evolucion.center\/wp-content\/uploads\/2023\/09\/Cascada-Molinos-antes-de-la-puesta-en-marcha-del-pozo-de-Giahsa-en-julio-de-2023.jpg?resize=525%2C300&ssl=1 1.5x"},"classes":[]},{"id":2360,"url":"https:\/\/casadelacorte.evolucion.center\/?p=2360","url_meta":{"origin":2375,"position":1},"title":"El guardi\u00e1n del bosque y el r\u00edo de estrellas","author":"casadelacorte.evolucion.center","date":"19 de septiembre de 2023","format":false,"excerpt":"El guardi\u00e1n del bosque y el r\u00edo de estrellas Jos\u00e9 Carlos Cuerda El-guardian-del-bosque-y-el-rio-de-estrellasDescarga El guardi\u00e1n del bosque era un anciano sabio y bondadoso que velaba por el equilibrio de la naturaleza. Su esp\u00edritu era puro y luminoso, y en las arrugas de su rostro se reflejaban ramas visibles e invisibles\u2026","rel":"","context":"En \u00abSin categor\u00eda\u00bb","block_context":{"text":"Sin categor\u00eda","link":"https:\/\/casadelacorte.evolucion.center\/?cat=1"},"img":{"alt_text":"","src":"https:\/\/i0.wp.com\/casadelacorte.evolucion.center\/wp-content\/uploads\/2023\/09\/Cascada-Molinos-tras-la-puesta-en-marcha-del-pozo-de-Giahsa-en-julio-de-2023-1.jpg?resize=350%2C200&ssl=1","width":350,"height":200,"srcset":"https:\/\/i0.wp.com\/casadelacorte.evolucion.center\/wp-content\/uploads\/2023\/09\/Cascada-Molinos-tras-la-puesta-en-marcha-del-pozo-de-Giahsa-en-julio-de-2023-1.jpg?resize=350%2C200&ssl=1 1x, https:\/\/i0.wp.com\/casadelacorte.evolucion.center\/wp-content\/uploads\/2023\/09\/Cascada-Molinos-tras-la-puesta-en-marcha-del-pozo-de-Giahsa-en-julio-de-2023-1.jpg?resize=525%2C300&ssl=1 1.5x, https:\/\/i0.wp.com\/casadelacorte.evolucion.center\/wp-content\/uploads\/2023\/09\/Cascada-Molinos-tras-la-puesta-en-marcha-del-pozo-de-Giahsa-en-julio-de-2023-1.jpg?resize=700%2C400&ssl=1 2x, https:\/\/i0.wp.com\/casadelacorte.evolucion.center\/wp-content\/uploads\/2023\/09\/Cascada-Molinos-tras-la-puesta-en-marcha-del-pozo-de-Giahsa-en-julio-de-2023-1.jpg?resize=1050%2C600&ssl=1 3x"},"classes":[]},{"id":2377,"url":"https:\/\/casadelacorte.evolucion.center\/?p=2377","url_meta":{"origin":2375,"position":2},"title":"Peces, anfibios, aves y mam\u00edferos amenazados por la sobreexplotaci\u00f3n de los acu\u00edferos de la Sierra de Aracena","author":"casadelacorte.evolucion.center","date":"1 de octubre de 2023","format":false,"excerpt":"Peces, anfibios, aves y mam\u00edferos amenazados por la sobreexplotaci\u00f3n de los acu\u00edferos de la Sierra de Aracena Jos\u00e9 Carlos Cuerda Los arroyos de la Sierra de Aracena son una fuente de vida para numerosas especies de animales y plantas que habitan en este espacio natural. Estos cursos de agua, que\u2026","rel":"","context":"En \u00abSin categor\u00eda\u00bb","block_context":{"text":"Sin categor\u00eda","link":"https:\/\/casadelacorte.evolucion.center\/?cat=1"},"img":{"alt_text":"","src":"https:\/\/i0.wp.com\/casadelacorte.evolucion.center\/wp-content\/uploads\/2023\/10\/calandino-150x150.jpeg?resize=350%2C200&ssl=1","width":350,"height":200},"classes":[]},{"id":2358,"url":"https:\/\/casadelacorte.evolucion.center\/?p=2358","url_meta":{"origin":2375,"position":3},"title":"El guardi\u00e1n del bosque que amaneci\u00f3 mudo y manco","author":"casadelacorte.evolucion.center","date":"19 de septiembre de 2023","format":false,"excerpt":"El guardi\u00e1n del bosque que amaneci\u00f3 mudo y manco Jos\u00e9 Carlos Cuerda El-guardian-del-bosque-que-amanecio-mudo-y-mancoDescarga Hab\u00eda una vez un guardi\u00e1n del bosque que se encargaba de cuidar y proteger a todos los animales y plantas que viv\u00edan all\u00ed. Era un hombre muy sabio y bondadoso que amaba su trabajo. Cada d\u00eda recorr\u00eda\u2026","rel":"","context":"En \u00abSin categor\u00eda\u00bb","block_context":{"text":"Sin categor\u00eda","link":"https:\/\/casadelacorte.evolucion.center\/?cat=1"},"img":{"alt_text":"","src":"https:\/\/i0.wp.com\/casadelacorte.evolucion.center\/wp-content\/uploads\/2023\/09\/Cascada-Molinos-tras-la-puesta-en-marcha-del-pozo-de-Giahsa-en-julio-de-2023-1.jpg?resize=350%2C200&ssl=1","width":350,"height":200,"srcset":"https:\/\/i0.wp.com\/casadelacorte.evolucion.center\/wp-content\/uploads\/2023\/09\/Cascada-Molinos-tras-la-puesta-en-marcha-del-pozo-de-Giahsa-en-julio-de-2023-1.jpg?resize=350%2C200&ssl=1 1x, https:\/\/i0.wp.com\/casadelacorte.evolucion.center\/wp-content\/uploads\/2023\/09\/Cascada-Molinos-tras-la-puesta-en-marcha-del-pozo-de-Giahsa-en-julio-de-2023-1.jpg?resize=525%2C300&ssl=1 1.5x, https:\/\/i0.wp.com\/casadelacorte.evolucion.center\/wp-content\/uploads\/2023\/09\/Cascada-Molinos-tras-la-puesta-en-marcha-del-pozo-de-Giahsa-en-julio-de-2023-1.jpg?resize=700%2C400&ssl=1 2x, https:\/\/i0.wp.com\/casadelacorte.evolucion.center\/wp-content\/uploads\/2023\/09\/Cascada-Molinos-tras-la-puesta-en-marcha-del-pozo-de-Giahsa-en-julio-de-2023-1.jpg?resize=1050%2C600&ssl=1 3x"},"classes":[]},{"id":2354,"url":"https:\/\/casadelacorte.evolucion.center\/?p=2354","url_meta":{"origin":2375,"position":4},"title":"Diego y la Cascada de los Molinos","author":"casadelacorte.evolucion.center","date":"19 de septiembre de 2023","format":false,"excerpt":"Hab\u00eda una vez una cascada que viv\u00eda en lo alto de una monta\u00f1a. Era una cascada muy feliz, porque le encantaba sentir las grandes piedras de los molinos girando con la fuerza de su agua, a los campesinos con sus sacos de trigo, y a los ni\u00f1os jugando en sus\u2026","rel":"","context":"En \u00abSin categor\u00eda\u00bb","block_context":{"text":"Sin categor\u00eda","link":"https:\/\/casadelacorte.evolucion.center\/?cat=1"},"img":{"alt_text":"","src":"https:\/\/i0.wp.com\/casadelacorte.evolucion.center\/wp-content\/uploads\/2023\/09\/Cascada-Molinos-antes-de-la-puesta-en-marcha-del-pozo-de-Giahsa-en-julio-de-2023-1.jpg?resize=350%2C200&ssl=1","width":350,"height":200,"srcset":"https:\/\/i0.wp.com\/casadelacorte.evolucion.center\/wp-content\/uploads\/2023\/09\/Cascada-Molinos-antes-de-la-puesta-en-marcha-del-pozo-de-Giahsa-en-julio-de-2023-1.jpg?resize=350%2C200&ssl=1 1x, https:\/\/i0.wp.com\/casadelacorte.evolucion.center\/wp-content\/uploads\/2023\/09\/Cascada-Molinos-antes-de-la-puesta-en-marcha-del-pozo-de-Giahsa-en-julio-de-2023-1.jpg?resize=525%2C300&ssl=1 1.5x"},"classes":[]},{"id":1402,"url":"https:\/\/casadelacorte.evolucion.center\/?p=1402","url_meta":{"origin":2375,"position":5},"title":"21 rutas de senderismo en la Sierra de Aracena.","author":"casadelacorte.evolucion.center","date":"6 de octubre de 2020","format":false,"excerpt":"21 rutas de senderismo en la Sierra de Aracena. 200 km de senderos para los amantes de la naturaleza El turismo activo es una de las maneras m\u00e1s m\u00e1gicas de disfrutar de la naturaleza, gracias al estrecho v\u00ednculo que el viajero establece con el entorno natural visitado. Este contacto permite,\u2026","rel":"","context":"En \u00abSin categor\u00eda\u00bb","block_context":{"text":"Sin categor\u00eda","link":"https:\/\/casadelacorte.evolucion.center\/?cat=1"},"img":{"alt_text":"rutas de senderismo en la Sierra de Aracena","src":"https:\/\/i0.wp.com\/casadelacorte.evolucion.center\/wp-content\/uploads\/2020\/10\/senderos-en-la-sierra-de-aracena.jpg?resize=350%2C200&ssl=1","width":350,"height":200,"srcset":"https:\/\/i0.wp.com\/casadelacorte.evolucion.center\/wp-content\/uploads\/2020\/10\/senderos-en-la-sierra-de-aracena.jpg?resize=350%2C200&ssl=1 1x, https:\/\/i0.wp.com\/casadelacorte.evolucion.center\/wp-content\/uploads\/2020\/10\/senderos-en-la-sierra-de-aracena.jpg?resize=525%2C300&ssl=1 1.5x, https:\/\/i0.wp.com\/casadelacorte.evolucion.center\/wp-content\/uploads\/2020\/10\/senderos-en-la-sierra-de-aracena.jpg?resize=700%2C400&ssl=1 2x"},"classes":[]}],"jetpack_sharing_enabled":true,"_links":{"self":[{"href":"https:\/\/casadelacorte.evolucion.center\/index.php?rest_route=\/wp\/v2\/posts\/2375","targetHints":{"allow":["GET"]}}],"collection":[{"href":"https:\/\/casadelacorte.evolucion.center\/index.php?rest_route=\/wp\/v2\/posts"}],"about":[{"href":"https:\/\/casadelacorte.evolucion.center\/index.php?rest_route=\/wp\/v2\/types\/post"}],"author":[{"embeddable":true,"href":"https:\/\/casadelacorte.evolucion.center\/index.php?rest_route=\/wp\/v2\/users\/1"}],"replies":[{"embeddable":true,"href":"https:\/\/casadelacorte.evolucion.center\/index.php?rest_route=%2Fwp%2Fv2%2Fcomments&post=2375"}],"version-history":[{"count":1,"href":"https:\/\/casadelacorte.evolucion.center\/index.php?rest_route=\/wp\/v2\/posts\/2375\/revisions"}],"predecessor-version":[{"id":2376,"href":"https:\/\/casadelacorte.evolucion.center\/index.php?rest_route=\/wp\/v2\/posts\/2375\/revisions\/2376"}],"wp:attachment":[{"href":"https:\/\/casadelacorte.evolucion.center\/index.php?rest_route=%2Fwp%2Fv2%2Fmedia&parent=2375"}],"wp:term":[{"taxonomy":"category","embeddable":true,"href":"https:\/\/casadelacorte.evolucion.center\/index.php?rest_route=%2Fwp%2Fv2%2Fcategories&post=2375"},{"taxonomy":"post_tag","embeddable":true,"href":"https:\/\/casadelacorte.evolucion.center\/index.php?rest_route=%2Fwp%2Fv2%2Ftags&post=2375"}],"curies":[{"name":"wp","href":"https:\/\/api.w.org\/{rel}","templated":true}]}}