{"id":2360,"date":"2023-09-19T15:05:22","date_gmt":"2023-09-19T13:05:22","guid":{"rendered":"https:\/\/casadelacorte.evolucion.center\/?p=2360"},"modified":"2023-09-19T18:23:11","modified_gmt":"2023-09-19T16:23:11","slug":"el-guardian-del-bosque-y-el-rio-de-estrellas","status":"publish","type":"post","link":"https:\/\/casadelacorte.evolucion.center\/?p=2360","title":{"rendered":"El guardi\u00e1n del bosque y el r\u00edo de estrellas"},"content":{"rendered":"\n<p><strong>El guardi\u00e1n del bosque y el r\u00edo de estrellas<\/strong><\/p>\n\n\n\n<p>Jos\u00e9 Carlos Cuerda<\/p>\n\n\n\n<div data-wp-interactive=\"core\/file\" class=\"wp-block-file\"><object data-wp-bind--hidden=\"!state.hasPdfPreview\" hidden class=\"wp-block-file__embed\" data=\"https:\/\/casadelacorte.evolucion.center\/wp-content\/uploads\/2023\/09\/El-guardian-del-bosque-y-el-rio-de-estrellas.pdf\" type=\"application\/pdf\" style=\"width:100%;height:600px\" aria-label=\"Incrustado de El-guardian-del-bosque-y-el-rio-de-estrellas.\"><\/object><a id=\"wp-block-file--media-518fee1c-f866-4874-ba50-a9bcf3706480\" href=\"https:\/\/casadelacorte.evolucion.center\/wp-content\/uploads\/2023\/09\/El-guardian-del-bosque-y-el-rio-de-estrellas.pdf\">El-guardian-del-bosque-y-el-rio-de-estrellas<\/a><a href=\"https:\/\/casadelacorte.evolucion.center\/wp-content\/uploads\/2023\/09\/El-guardian-del-bosque-y-el-rio-de-estrellas.pdf\" class=\"wp-block-file__button wp-element-button\" download aria-describedby=\"wp-block-file--media-518fee1c-f866-4874-ba50-a9bcf3706480\">Descarga<\/a><\/div>\n\n\n\n<p>El guardi\u00e1n del bosque era un anciano sabio y bondadoso que velaba por el equilibrio de la naturaleza. Su esp\u00edritu era puro y luminoso, y en las arrugas de su rostro se reflejaban ramas visibles e invisibles que se extend\u00edan por todo el bosque, y ra\u00edces poderosas que se hund\u00edan en lo m\u00e1s profundo de la tierra. En sus largos paseos pod\u00eda sentir todo lo que ocurr\u00eda en su dominio, y comunicarse con los animales y las plantas que lo habitaban.<\/p>\n\n\n\n<p>De todo el bosque hab\u00eda un lugar al que le gustaba regresar una y otra vez. Se llamaba la Cascada de los Molinos, y era la cascada m\u00e1s bonita y divertida de aquel bosque. El guardi\u00e1n se sent\u00eda lleno de paz y admiraci\u00f3n cuando observaba el agua del arroyo caer brillante con fuerza, como una lluvia de diamantes que formaban arco iris de colores cuando el sol se reflejaba en las gotas cristalinas. Le gustaba escuchar el sonido del agua golpeando contra las rocas, como si la cascada fuera un tambor gigante capaz de sonar tan fuerte que silenciaba los dem\u00e1s ruidos del bosque. Le gustaba oler el aroma del agua mezclado con el aire, una brisa fresca y h\u00fameda que le limpiaba las narices y le ayudaba a relajarse. Y le gustaba sentir en su cara el contacto de las gotas agua que salpicaban su piel como peque\u00f1as agujas fr\u00edas y mojadas, una sensaci\u00f3n muy intensa que a veces incluso le hac\u00eda temblar. Y lo mejor de todo: le encantaba el delicioso sabor del agua que calmaba su sed. En aquel lugar, la Cascada de los Molinos, el guardi\u00e1n del bosque se sent\u00eda feliz y agradecido.<\/p>\n\n\n\n<p>Una tarde de verano el guardi\u00e1n del bosque sinti\u00f3 una gran perturbaci\u00f3n en la Cascada de los Molinos. Pronto descubri\u00f3 que alguien hab\u00eda agotado el manantial y la cascada hab\u00eda quedado completamente seca. Y debes saber que una cascada seca es muy triste y aburrida. No puedes ver el agua que cae, solo las rocas desnudas y agrietadas. No puedes escuchar el sonido del agua, solo el silencio o el viento. No puedes oler el frescor, tan solo el polvo o el humo. No puedes sentir el contacto del agua en tu piel, solo la sequedad o el calor. Y no puedes probar su sabor, solo sientes sed o hambre.<\/p>\n\n\n\n<p>El guardi\u00e1n del bosque reconoci\u00f3 al culpable: era un hombre sediento que hab\u00eda hecho un pozo y se hab\u00eda llevado todo el agua que antes llegaba a la cascada. Aquel hombre no se preocupaba por el da\u00f1o que causaba al bosque, ni por los animales y las flores que depend\u00edan del agua del arroyo para sobrevivir.<\/p>\n\n\n\n<p>El guardi\u00e1n del bosque se entristeci\u00f3, y sinti\u00f3 el impulso de ir a visitar al hombre para hablar con \u00e9l.<\/p>\n\n\n\n<p>&#8211; \u00bfPor qu\u00e9 haces esto, hombre? &#8211; le pregunt\u00f3 con una voz grave y profunda que reson\u00f3 en todo el bosque.<\/p>\n\n\n\n<p>&#8211; \u00bfQu\u00e9 quieres de m\u00ed? &#8211; le respondi\u00f3 el hombre con una voz \u00e1spera y cansada que apenas se o\u00eda.<\/p>\n\n\n\n<p>&#8211; Quiero que dejes de beber del pozo, y que devuelvas el agua al manantial. Est\u00e1s secando la cascada, y con ella el bosque.<\/p>\n\n\n\n<p>&#8211; No puedo dejar de beber del pozo. Tengo mucha sed, y no hay otra agua cerca. La cascada y el bosque me dan igual. Solo me importa mi sed.<\/p>\n\n\n\n<p>&#8211; Tu sed es insaciable, y te est\u00e1 consumiendo. No solo te est\u00e1s haciendo da\u00f1o a ti mismo, sino tambi\u00e9n a todos los seres que viven en el bosque. Ellos tambi\u00e9n tienen sed, y necesitan el agua de la cascada para sobrevivir.<\/p>\n\n\n\n<p>&#8211; No me importan los seres del bosque. Son solo animales y plantas. Yo soy un hombre, y tengo m\u00e1s derecho al agua que ellos.<\/p>\n\n\n\n<p>&#8211; Est\u00e1s equivocado, hombre. Todos los seres tienen derecho al agua, y todos son parte de la naturaleza. T\u00fa tambi\u00e9n eres parte de la naturaleza, aunque lo hayas olvidado. Si destruyes la naturaleza, te destruyes a ti mismo.<\/p>\n\n\n\n<p>El hombre no quiso escuchar al guardi\u00e1n del bosque, pasaron los a\u00f1os, el hombre sigui\u00f3 bebiendo del pozo, sin importarle el bosque, y el guardi\u00e1n del bosque vio con dolor c\u00f3mo sus hijos se marchitaban y mor\u00edan.<\/p>\n\n\n\n<p>&#8211; Padre, \u00bfpor qu\u00e9 nos abandonas? &#8211; le preguntaban las zarzamoras con una voz d\u00e9bil y triste que apenas se percib\u00eda.<\/p>\n\n\n\n<p>&#8211; Hijas m\u00edas, no os abandono. Os quiero mucho, y os protejo con mi sombra y mi aliento. Pero no puedo daros el agua que necesit\u00e1is para vivir. El hombre ha secado el manantial, y ha dejado sin agua a la cascada.<\/p>\n\n\n\n<p>&#8211; Padre, \u00bfpor qu\u00e9 no haces nada para detener al hombre? &#8211; le rogaban los sauces con una voz suplicante y angustiada que apenas se escuchaba.<\/p>\n\n\n\n<p>&#8211; Hijos m\u00edos, no puedo hacer nada contra el hombre. \u00c9l tiene libre albedr\u00edo, y debe elegir entre el bien y el mal. Yo solo puedo esperar a que cambie de parecer, o a que alguien le haga entrar en raz\u00f3n, o a que la lluvia vuelva a llenar el manantial y la cascada.<\/p>\n\n\n\n<p>&#8211; Padre, \u00bfpor qu\u00e9 esperas tanto? &#8211; le reprochaban los madro\u00f1os con una voz amarga y dolida que apenas se o\u00eda.<\/p>\n\n\n\n<p>&#8211; Hijos m\u00edos, espero porque tengo fe. Tengo fe en que el hombre se dar\u00e1 cuenta de su error, o en que la gente le ayudar\u00e1 a corregirlo, o en que la naturaleza se recuperar\u00e1 de su herida. Tengo fe en que la cascada volver\u00e1 a fluir, y el bosque volver\u00e1 a vivir.<\/p>\n\n\n\n<p>Los helechos no pudieron seguir preguntando al guardi\u00e1n del bosque, porque se hab\u00edan secado y hab\u00edan muerto.<\/p>\n\n\n\n<p>El guardi\u00e1n del bosque oy\u00f3 con angustia c\u00f3mo sus amigos se debilitaban y mor\u00edan.<\/p>\n\n\n\n<p>&#8211; Amigo, \u00bfpor qu\u00e9 nos dejas solos? &#8211; le preguntaban los p\u00e1jaros con una voz aguda y asustada que apenas se distingu\u00eda.<\/p>\n\n\n\n<p>&#8211; Amigos m\u00edos, no os dejo solos. Os quiero mucho, y os ofrezco mi cobijo y mi alimento. Pero no puedo daros el agua que necesit\u00e1is para vivir. El hombre ha secado el manantial, y ha dejado sin agua a la cascada.<\/p>\n\n\n\n<p>&#8211; Amigo, \u00bfpor qu\u00e9 no haces nada para detener al hombre? &#8211; le imploraban los zorros con una voz urgente y desesperada que apenas se entend\u00eda.<\/p>\n\n\n\n<p>&#8211; Amigos m\u00edos, no puedo hacer nada contra el hombre. \u00c9l tiene libre albedr\u00edo, y debe elegir entre el bien y el mal. Yo solo puedo esperar a que cambie de parecer, o a que alguien le haga entrar en raz\u00f3n, o a que la lluvia vuelva a llenar el manantial y la cascada.<\/p>\n\n\n\n<p>&#8211; Amigo, \u00bfpor qu\u00e9 esperas tanto? &#8211; le recriminaban los ciervos con una voz molesta y enfadada que apenas se escuchaba.<\/p>\n\n\n\n<p>&#8211; Amigos m\u00edos, espero porque tengo fe. Tengo fe en que el hombre se dar\u00e1 cuenta de su error, o en que la gente le ayudar\u00e1 a corregirlo, o en que la naturaleza se recuperar\u00e1 de su herida. Tengo fe en que la cascada volver\u00e1 a fluir, y el bosque volver\u00e1 a vivir.<\/p>\n\n\n\n<p>Los p\u00e1jaros, los zorros y los ciervos no pudieron seguir preguntando al guardi\u00e1n del bosque, porque al cabo de pocas semanas se hab\u00edan debilitado tanto que murieron.<\/p>\n\n\n\n<p>Y, as\u00ed, el guardi\u00e1n del bosque vio con dolor c\u00f3mo sus hijos se marchitaban y mor\u00edan. Las flores perd\u00edan su color y su aroma, las hojas ca\u00edan sin volver a brotar, los frutos se secaban sin madurar. Los \u00e1rboles se convert\u00edan en troncos inertes, las hierbas en paja amarilla, los arbustos en espinas secas. El bosque perd\u00eda su verdor y su belleza. Los p\u00e1jaros dejaban de cantar y volar, los conejos dejaban de saltar y correr, los ciervos dejaban de pastar y huir, los zorros se quedaban sin uvas ni guaridas. El bosque perd\u00eda su color, su sonido y su vida.<\/p>\n\n\n\n<p>El guardi\u00e1n del bosque se entristeci\u00f3 mucho, mucho, mucho. Podr\u00eda haber ense\u00f1ado a aquel hombre a beber con moderaci\u00f3n, o a compartir el agua con los dem\u00e1s, o a buscar otras fuentes m\u00e1s abundantes. Pero decidi\u00f3 no hacer nada porque ten\u00eda la secreta esperanza de que el hombre saciara de su sed, o de que la gente le hiciera ver su error y le convenciera de devolver el agua al manantial, o de que la lluvia llenara de nuevo el manantial y la cascada.<\/p>\n\n\n\n<p>El guardi\u00e1n del bosque esper\u00f3 pacientemente. Pasaron los a\u00f1os, y el hombre sigui\u00f3 bebiendo del pozo, sin importarle el bosque. La gente segu\u00eda ignorando el problema, sin saber de d\u00f3nde ven\u00eda el agua ni a qu\u00e9 precio. La lluvia segu\u00eda cayendo, pero no era suficiente para reponer el manantial y la cascada. El bosque se iba secando y muriendo, y los animales y las plantas sufr\u00edan y desaparec\u00edan. La cascada segu\u00eda vac\u00eda, los carteles que la anunciaban se borraron con el sol y la lluvia, y, al cabo de un tiempo, ya nadie la recordaba.<\/p>\n\n\n\n<p>El guardi\u00e1n del bosque se dio cuenta de que su esperanza era vana, y de que su inacci\u00f3n era un error. Se arrepinti\u00f3 de no haber hecho nada cuando pudo, y se lament\u00f3 de haber perdido la cascada y el bosque. Pero ya era tarde para remediarlo. Sinti\u00f3 tanta tristeza cuando muri\u00f3 el \u00faltimo p\u00e1jaro y se sec\u00f3 la \u00faltima flor que empez\u00f3 a llorar desconsoladamente. Y fue justo entonces cuando sucedi\u00f3 algo m\u00e1gico y maravilloso. Sus l\u00e1grimas eran tan puras y cristalinas que en vez de descender ascendieron hasta el cielo para convertirse en un r\u00edo luminoso formado por miles de estrellas. Esa noche aquel anciano guardi\u00e1n del bosque muri\u00f3. Pero su muerte no fue en vano. El r\u00edo de estrellas se extendi\u00f3 por todo el firmamento, y desde entonces ilumina en aquel bosque las noches sin luna.<\/p>\n\n\n\n<p>El hombre que hab\u00eda secado el manantial vio el r\u00edo de estrellas, y qued\u00f3 asombrado. Por primera vez en su vida, sinti\u00f3 algo m\u00e1s que sed. Sinti\u00f3 curiosidad, admiraci\u00f3n, remordimiento. Se pregunt\u00f3 qu\u00e9 era ese r\u00edo de estrellas, y de d\u00f3nde ven\u00eda. Se pregunt\u00f3 qu\u00e9 hab\u00eda pasado con la cascada y el bosque, y qu\u00e9 hab\u00eda hecho \u00e9l. Se pregunt\u00f3 si pod\u00eda hacer algo para reparar el da\u00f1o que hab\u00eda causado, y para merecer la bendici\u00f3n de ese r\u00edo de estrellas en las noches oscuras.<\/p>\n\n\n\n<p>La gente que viv\u00eda cerca del bosque tambi\u00e9n vio el r\u00edo de estrellas, y qued\u00f3 maravillada. Por primera vez en su vida, sinti\u00f3 algo m\u00e1s que indiferencia. Sinti\u00f3 asombro, belleza, gratitud. Se pregunt\u00f3 qu\u00e9 era ese r\u00edo de estrellas, y de d\u00f3nde ven\u00eda. Se pregunt\u00f3 qu\u00e9 hab\u00eda pasado con la cascada y el bosque, y qu\u00e9 hab\u00edan hecho ellos. Se preguntaron si pod\u00edan hacer algo para ayudar al bosque, y para agradecer la visi\u00f3n esperanzadora de ese r\u00edo de estrellas en las noches sin luna.<\/p>\n\n\n\n<p>Y la lluvia que ca\u00eda sobre el bosque tambi\u00e9n vio el r\u00edo de estrellas, y qued\u00f3 emocionada. Por primera vez en su vida, sinti\u00f3 algo m\u00e1s que rutina. Sinti\u00f3 alegr\u00eda, esperanza, amor. Se pregunt\u00f3 qu\u00e9 era ese r\u00edo de estrellas, y de d\u00f3nde ven\u00eda. Se pregunt\u00f3 qu\u00e9 hab\u00eda pasado con la cascada y el bosque, y qu\u00e9 hab\u00eda hecho ella. Se pregunt\u00f3 si pod\u00eda caer con mucha m\u00e1s abundancia para llenar de nuevo el manantial y la cascada, y para abrazar ese r\u00edo de estrellas con todo su frescor.<\/p>\n\n\n\n<p>As\u00ed fue como el guardi\u00e1n del bosque dej\u00f3 de existir, pero no del todo. Su esp\u00edritu se convirti\u00f3 en un r\u00edo de estrellas que sigue brillando en el cielo cada noche sin luna. Su recuerdo se convirti\u00f3 en una lecci\u00f3n, que sigue ense\u00f1ando a los hombres y a la gente el valor del agua y del bosque. Su infinita tristeza se convirti\u00f3 en la esperanza de que la cascada volver\u00e1 a fluir y el bosque volver\u00e1 a llenarse de vida.<\/p>\n\n\n\n<p><a>Espero que te haya gustado el cuento. Cualquier parecido con lo que est\u00e1 sucediendo en la Sierra de Aracena, con motivo del pozo que ha hecho Giahsa en julio de 2023 junto al manantial del arroyo Fuente del Rey, que ha secado por completo la Cascada de los Molinos es l\u00f3gicamente pura coincidencia fruto del azar.<\/a><\/p>\n\n\n\n<p><a href=\"https:\/\/www.facebook.com\/hashtag\/nextgenerationeu?__eep__=6&amp;__cft__%5b0%5d=AZV1HiEnDJXuiUysERcSg1_5JHFPmWfT7QsrT1rdoP0NPvjeSaQ0o4RNwn6fwEVj5yCB6zi_6OJRDFck4Gqe1jo1Kg2Y1IYDQebOedFtZtFuZAZs_HFJPJmSMGzjyq7hEqVjtGGJFnGQNlkiD_8IL9_MWvDgZwsGBPeeXRcGTI4c95c9HquWBPcW73dWzIu7XQU&amp;__tn__=*NK-R\">#NextGenerationEU<\/a> <a href=\"https:\/\/www.facebook.com\/hashtag\/diputaciondehuelva?__eep__=6&amp;__cft__%5b0%5d=AZV1HiEnDJXuiUysERcSg1_5JHFPmWfT7QsrT1rdoP0NPvjeSaQ0o4RNwn6fwEVj5yCB6zi_6OJRDFck4Gqe1jo1Kg2Y1IYDQebOedFtZtFuZAZs_HFJPJmSMGzjyq7hEqVjtGGJFnGQNlkiD_8IL9_MWvDgZwsGBPeeXRcGTI4c95c9HquWBPcW73dWzIu7XQU&amp;__tn__=*NK-R\">#diputaciondehuelva<\/a> <a href=\"https:\/\/www.facebook.com\/hashtag\/corteconcepcion?__eep__=6&amp;__cft__%5b0%5d=AZV1HiEnDJXuiUysERcSg1_5JHFPmWfT7QsrT1rdoP0NPvjeSaQ0o4RNwn6fwEVj5yCB6zi_6OJRDFck4Gqe1jo1Kg2Y1IYDQebOedFtZtFuZAZs_HFJPJmSMGzjyq7hEqVjtGGJFnGQNlkiD_8IL9_MWvDgZwsGBPeeXRcGTI4c95c9HquWBPcW73dWzIu7XQU&amp;__tn__=*NK-R\">#corteconcepcion<\/a> <a href=\"https:\/\/www.facebook.com\/hashtag\/feder?__eep__=6&amp;__cft__%5b0%5d=AZV1HiEnDJXuiUysERcSg1_5JHFPmWfT7QsrT1rdoP0NPvjeSaQ0o4RNwn6fwEVj5yCB6zi_6OJRDFck4Gqe1jo1Kg2Y1IYDQebOedFtZtFuZAZs_HFJPJmSMGzjyq7hEqVjtGGJFnGQNlkiD_8IL9_MWvDgZwsGBPeeXRcGTI4c95c9HquWBPcW73dWzIu7XQU&amp;__tn__=*NK-R\">#FEDER<\/a> <a href=\"https:\/\/www.facebook.com\/hashtag\/huelva?__eep__=6&amp;__cft__%5b0%5d=AZV1HiEnDJXuiUysERcSg1_5JHFPmWfT7QsrT1rdoP0NPvjeSaQ0o4RNwn6fwEVj5yCB6zi_6OJRDFck4Gqe1jo1Kg2Y1IYDQebOedFtZtFuZAZs_HFJPJmSMGzjyq7hEqVjtGGJFnGQNlkiD_8IL9_MWvDgZwsGBPeeXRcGTI4c95c9HquWBPcW73dWzIu7XQU&amp;__tn__=*NK-R\">#Huelva<\/a> <a href=\"https:\/\/www.facebook.com\/hashtag\/huelvaturismo?__eep__=6&amp;__cft__%5b0%5d=AZV1HiEnDJXuiUysERcSg1_5JHFPmWfT7QsrT1rdoP0NPvjeSaQ0o4RNwn6fwEVj5yCB6zi_6OJRDFck4Gqe1jo1Kg2Y1IYDQebOedFtZtFuZAZs_HFJPJmSMGzjyq7hEqVjtGGJFnGQNlkiD_8IL9_MWvDgZwsGBPeeXRcGTI4c95c9HquWBPcW73dWzIu7XQU&amp;__tn__=*NK-R\">#huelvaturismo<\/a> <a href=\"https:\/\/www.facebook.com\/hashtag\/unioneuropea?__eep__=6&amp;__cft__%5b0%5d=AZV1HiEnDJXuiUysERcSg1_5JHFPmWfT7QsrT1rdoP0NPvjeSaQ0o4RNwn6fwEVj5yCB6zi_6OJRDFck4Gqe1jo1Kg2Y1IYDQebOedFtZtFuZAZs_HFJPJmSMGzjyq7hEqVjtGGJFnGQNlkiD_8IL9_MWvDgZwsGBPeeXRcGTI4c95c9HquWBPcW73dWzIu7XQU&amp;__tn__=*NK-R\">#UnionEuropea<\/a> <a href=\"https:\/\/www.facebook.com\/hashtag\/juntadeandalucia?__eep__=6&amp;__cft__%5b0%5d=AZV1HiEnDJXuiUysERcSg1_5JHFPmWfT7QsrT1rdoP0NPvjeSaQ0o4RNwn6fwEVj5yCB6zi_6OJRDFck4Gqe1jo1Kg2Y1IYDQebOedFtZtFuZAZs_HFJPJmSMGzjyq7hEqVjtGGJFnGQNlkiD_8IL9_MWvDgZwsGBPeeXRcGTI4c95c9HquWBPcW73dWzIu7XQU&amp;__tn__=*NK-R\">#juntadeandalucia<\/a> <a href=\"https:\/\/www.facebook.com\/hashtag\/giahsa?__eep__=6&amp;__cft__%5b0%5d=AZV1HiEnDJXuiUysERcSg1_5JHFPmWfT7QsrT1rdoP0NPvjeSaQ0o4RNwn6fwEVj5yCB6zi_6OJRDFck4Gqe1jo1Kg2Y1IYDQebOedFtZtFuZAZs_HFJPJmSMGzjyq7hEqVjtGGJFnGQNlkiD_8IL9_MWvDgZwsGBPeeXRcGTI4c95c9HquWBPcW73dWzIu7XQU&amp;__tn__=*NK-R\">#Giahsa<\/a> <a href=\"https:\/\/www.facebook.com\/PNSAPA?__cft__%5b0%5d=AZV1HiEnDJXuiUysERcSg1_5JHFPmWfT7QsrT1rdoP0NPvjeSaQ0o4RNwn6fwEVj5yCB6zi_6OJRDFck4Gqe1jo1Kg2Y1IYDQebOedFtZtFuZAZs_HFJPJmSMGzjyq7hEqVjtGGJFnGQNlkiD_8IL9_MWvDgZwsGBPeeXRcGTI4c95c9HquWBPcW73dWzIu7XQU&amp;__tn__=-%5dK-R\">Parque Natural Sierra de Aracena y Picos de Aroche<\/a> <a href=\"https:\/\/www.facebook.com\/Ecologistas.en.Accion?__cft__%5b0%5d=AZV1HiEnDJXuiUysERcSg1_5JHFPmWfT7QsrT1rdoP0NPvjeSaQ0o4RNwn6fwEVj5yCB6zi_6OJRDFck4Gqe1jo1Kg2Y1IYDQebOedFtZtFuZAZs_HFJPJmSMGzjyq7hEqVjtGGJFnGQNlkiD_8IL9_MWvDgZwsGBPeeXRcGTI4c95c9HquWBPcW73dWzIu7XQU&amp;__tn__=-%5dK-R\">Ecologistas en Acci\u00f3n<\/a> <a href=\"https:\/\/www.facebook.com\/Aracena-114488761901358\/?__cft__%5b0%5d=AZV1HiEnDJXuiUysERcSg1_5JHFPmWfT7QsrT1rdoP0NPvjeSaQ0o4RNwn6fwEVj5yCB6zi_6OJRDFck4Gqe1jo1Kg2Y1IYDQebOedFtZtFuZAZs_HFJPJmSMGzjyq7hEqVjtGGJFnGQNlkiD_8IL9_MWvDgZwsGBPeeXRcGTI4c95c9HquWBPcW73dWzIu7XQU&amp;__tn__=kK-R\">Aracena<\/a> <a href=\"https:\/\/www.facebook.com\/profile.php?id=100014000326488&amp;__cft__%5b0%5d=AZV1HiEnDJXuiUysERcSg1_5JHFPmWfT7QsrT1rdoP0NPvjeSaQ0o4RNwn6fwEVj5yCB6zi_6OJRDFck4Gqe1jo1Kg2Y1IYDQebOedFtZtFuZAZs_HFJPJmSMGzjyq7hEqVjtGGJFnGQNlkiD_8IL9_MWvDgZwsGBPeeXRcGTI4c95c9HquWBPcW73dWzIu7XQU&amp;__tn__=-%5dK-R\">Aracena Rural<\/a> <a href=\"https:\/\/www.facebook.com\/Juntadeandaluciaes-651057498273270\/?__cft__%5b0%5d=AZV1HiEnDJXuiUysERcSg1_5JHFPmWfT7QsrT1rdoP0NPvjeSaQ0o4RNwn6fwEVj5yCB6zi_6OJRDFck4Gqe1jo1Kg2Y1IYDQebOedFtZtFuZAZs_HFJPJmSMGzjyq7hEqVjtGGJFnGQNlkiD_8IL9_MWvDgZwsGBPeeXRcGTI4c95c9HquWBPcW73dWzIu7XQU&amp;__tn__=kK-R\">Juntadeandalucia.es<\/a> <a href=\"https:\/\/www.facebook.com\/Greenpeace-108107785877836\/?__cft__%5b0%5d=AZV1HiEnDJXuiUysERcSg1_5JHFPmWfT7QsrT1rdoP0NPvjeSaQ0o4RNwn6fwEVj5yCB6zi_6OJRDFck4Gqe1jo1Kg2Y1IYDQebOedFtZtFuZAZs_HFJPJmSMGzjyq7hEqVjtGGJFnGQNlkiD_8IL9_MWvDgZwsGBPeeXRcGTI4c95c9HquWBPcW73dWzIu7XQU&amp;__tn__=kK-R\">Greenpeace<\/a> <a href=\"https:\/\/www.facebook.com\/EuromediaComunicacion?__cft__%5b0%5d=AZV1HiEnDJXuiUysERcSg1_5JHFPmWfT7QsrT1rdoP0NPvjeSaQ0o4RNwn6fwEVj5yCB6zi_6OJRDFck4Gqe1jo1Kg2Y1IYDQebOedFtZtFuZAZs_HFJPJmSMGzjyq7hEqVjtGGJFnGQNlkiD_8IL9_MWvDgZwsGBPeeXRcGTI4c95c9HquWBPcW73dWzIu7XQU&amp;__tn__=-%5dK-R\">Euromedia Comunicaci\u00f3n<\/a> <a href=\"https:\/\/www.facebook.com\/Europe-103760706329385\/?__cft__%5b0%5d=AZV1HiEnDJXuiUysERcSg1_5JHFPmWfT7QsrT1rdoP0NPvjeSaQ0o4RNwn6fwEVj5yCB6zi_6OJRDFck4Gqe1jo1Kg2Y1IYDQebOedFtZtFuZAZs_HFJPJmSMGzjyq7hEqVjtGGJFnGQNlkiD_8IL9_MWvDgZwsGBPeeXRcGTI4c95c9HquWBPcW73dWzIu7XQU&amp;__tn__=kK-R\">Europe<\/a> <a href=\"https:\/\/www.facebook.com\/europapress.es?__cft__%5b0%5d=AZV1HiEnDJXuiUysERcSg1_5JHFPmWfT7QsrT1rdoP0NPvjeSaQ0o4RNwn6fwEVj5yCB6zi_6OJRDFck4Gqe1jo1Kg2Y1IYDQebOedFtZtFuZAZs_HFJPJmSMGzjyq7hEqVjtGGJFnGQNlkiD_8IL9_MWvDgZwsGBPeeXRcGTI4c95c9HquWBPcW73dWzIu7XQU&amp;__tn__=-%5dK-R\">Europa Press<\/a> <a href=\"https:\/\/www.facebook.com\/EPinternacional?__cft__%5b0%5d=AZV1HiEnDJXuiUysERcSg1_5JHFPmWfT7QsrT1rdoP0NPvjeSaQ0o4RNwn6fwEVj5yCB6zi_6OJRDFck4Gqe1jo1Kg2Y1IYDQebOedFtZtFuZAZs_HFJPJmSMGzjyq7hEqVjtGGJFnGQNlkiD_8IL9_MWvDgZwsGBPeeXRcGTI4c95c9HquWBPcW73dWzIu7XQU&amp;__tn__=-%5dK-R\">Europa Press Internacional<\/a> <a href=\"https:\/\/www.facebook.com\/CanalSurNoticias?__cft__%5b0%5d=AZV1HiEnDJXuiUysERcSg1_5JHFPmWfT7QsrT1rdoP0NPvjeSaQ0o4RNwn6fwEVj5yCB6zi_6OJRDFck4Gqe1jo1Kg2Y1IYDQebOedFtZtFuZAZs_HFJPJmSMGzjyq7hEqVjtGGJFnGQNlkiD_8IL9_MWvDgZwsGBPeeXRcGTI4c95c9HquWBPcW73dWzIu7XQU&amp;__tn__=-%5dK-R\">CanalSur Noticias<\/a> <a href=\"https:\/\/www.facebook.com\/CanalSurHuelva?__cft__%5b0%5d=AZV1HiEnDJXuiUysERcSg1_5JHFPmWfT7QsrT1rdoP0NPvjeSaQ0o4RNwn6fwEVj5yCB6zi_6OJRDFck4Gqe1jo1Kg2Y1IYDQebOedFtZtFuZAZs_HFJPJmSMGzjyq7hEqVjtGGJFnGQNlkiD_8IL9_MWvDgZwsGBPeeXRcGTI4c95c9HquWBPcW73dWzIu7XQU&amp;__tn__=-%5dK-R\">CanalSur Huelva<\/a> <a href=\"https:\/\/www.facebook.com\/canalsurradioytv?__cft__%5b0%5d=AZV1HiEnDJXuiUysERcSg1_5JHFPmWfT7QsrT1rdoP0NPvjeSaQ0o4RNwn6fwEVj5yCB6zi_6OJRDFck4Gqe1jo1Kg2Y1IYDQebOedFtZtFuZAZs_HFJPJmSMGzjyq7hEqVjtGGJFnGQNlkiD_8IL9_MWvDgZwsGBPeeXRcGTI4c95c9HquWBPcW73dWzIu7XQU&amp;__tn__=-%5dK-R\">CanalSur Radio y Televisi\u00f3n<\/a> <a href=\"https:\/\/www.facebook.com\/jginvaz?__cft__%5b0%5d=AZV1HiEnDJXuiUysERcSg1_5JHFPmWfT7QsrT1rdoP0NPvjeSaQ0o4RNwn6fwEVj5yCB6zi_6OJRDFck4Gqe1jo1Kg2Y1IYDQebOedFtZtFuZAZs_HFJPJmSMGzjyq7hEqVjtGGJFnGQNlkiD_8IL9_MWvDgZwsGBPeeXRcGTI4c95c9HquWBPcW73dWzIu7XQU&amp;__tn__=-%5dK-R\">Javier Gin\u00e9s V\u00e1zquez<\/a> <a href=\"https:\/\/www.facebook.com\/javier.gutierrezcaracuel.9?__cft__%5b0%5d=AZV1HiEnDJXuiUysERcSg1_5JHFPmWfT7QsrT1rdoP0NPvjeSaQ0o4RNwn6fwEVj5yCB6zi_6OJRDFck4Gqe1jo1Kg2Y1IYDQebOedFtZtFuZAZs_HFJPJmSMGzjyq7hEqVjtGGJFnGQNlkiD_8IL9_MWvDgZwsGBPeeXRcGTI4c95c9HquWBPcW73dWzIu7XQU&amp;__tn__=-%5dK-R\">Javier Gutierrez Caracuel<\/a> <a href=\"https:\/\/www.facebook.com\/AhoraNoticiasAndalucia?__cft__%5b0%5d=AZV1HiEnDJXuiUysERcSg1_5JHFPmWfT7QsrT1rdoP0NPvjeSaQ0o4RNwn6fwEVj5yCB6zi_6OJRDFck4Gqe1jo1Kg2Y1IYDQebOedFtZtFuZAZs_HFJPJmSMGzjyq7hEqVjtGGJFnGQNlkiD_8IL9_MWvDgZwsGBPeeXRcGTI4c95c9HquWBPcW73dWzIu7XQU&amp;__tn__=-%5dK-R\">Andaluc\u00eda Ahora Noticias<\/a> <a href=\"https:\/\/www.facebook.com\/hashtag\/canalsur?__eep__=6&amp;__cft__%5b0%5d=AZV1HiEnDJXuiUysERcSg1_5JHFPmWfT7QsrT1rdoP0NPvjeSaQ0o4RNwn6fwEVj5yCB6zi_6OJRDFck4Gqe1jo1Kg2Y1IYDQebOedFtZtFuZAZs_HFJPJmSMGzjyq7hEqVjtGGJFnGQNlkiD_8IL9_MWvDgZwsGBPeeXRcGTI4c95c9HquWBPcW73dWzIu7XQU&amp;__tn__=*NK-R\">#CanalSur<\/a> <a href=\"https:\/\/www.facebook.com\/hashtag\/canalsurradio?__eep__=6&amp;__cft__%5b0%5d=AZV1HiEnDJXuiUysERcSg1_5JHFPmWfT7QsrT1rdoP0NPvjeSaQ0o4RNwn6fwEVj5yCB6zi_6OJRDFck4Gqe1jo1Kg2Y1IYDQebOedFtZtFuZAZs_HFJPJmSMGzjyq7hEqVjtGGJFnGQNlkiD_8IL9_MWvDgZwsGBPeeXRcGTI4c95c9HquWBPcW73dWzIu7XQU&amp;__tn__=*NK-R\">#CanalSurRadio<\/a> <a href=\"https:\/\/www.facebook.com\/MedioAmbienteSLV?__cft__%5b0%5d=AZV1HiEnDJXuiUysERcSg1_5JHFPmWfT7QsrT1rdoP0NPvjeSaQ0o4RNwn6fwEVj5yCB6zi_6OJRDFck4Gqe1jo1Kg2Y1IYDQebOedFtZtFuZAZs_HFJPJmSMGzjyq7hEqVjtGGJFnGQNlkiD_8IL9_MWvDgZwsGBPeeXRcGTI4c95c9HquWBPcW73dWzIu7XQU&amp;__tn__=-%5dK-R\">Ministerio de Medio Ambiente<\/a><\/p>\n\n\n\n<p><em>Cascada de los Molinos. Corteconcepci\u00f3n. Sierra de Aracena, antes y despu\u00e9s de la puesta en funcionamiento en julio de 2023 de un pozo junto al manantial que alimenta la cascada.<\/em><\/p>\n\n\n\n<figure class=\"wp-block-image size-large\"><img fetchpriority=\"high\" decoding=\"async\" width=\"1024\" height=\"576\" src=\"https:\/\/casadelacorte.evolucion.center\/wp-content\/uploads\/2023\/09\/Cascada-Molinos-tras-la-puesta-en-marcha-del-pozo-de-Giahsa-en-julio-de-2023-1-1024x576.jpg\" alt=\"\" class=\"wp-image-2355\" srcset=\"https:\/\/casadelacorte.evolucion.center\/wp-content\/uploads\/2023\/09\/Cascada-Molinos-tras-la-puesta-en-marcha-del-pozo-de-Giahsa-en-julio-de-2023-1-1024x576.jpg 1024w, https:\/\/casadelacorte.evolucion.center\/wp-content\/uploads\/2023\/09\/Cascada-Molinos-tras-la-puesta-en-marcha-del-pozo-de-Giahsa-en-julio-de-2023-1-300x169.jpg 300w, https:\/\/casadelacorte.evolucion.center\/wp-content\/uploads\/2023\/09\/Cascada-Molinos-tras-la-puesta-en-marcha-del-pozo-de-Giahsa-en-julio-de-2023-1-768x432.jpg 768w, https:\/\/casadelacorte.evolucion.center\/wp-content\/uploads\/2023\/09\/Cascada-Molinos-tras-la-puesta-en-marcha-del-pozo-de-Giahsa-en-julio-de-2023-1-800x450.jpg 800w, https:\/\/casadelacorte.evolucion.center\/wp-content\/uploads\/2023\/09\/Cascada-Molinos-tras-la-puesta-en-marcha-del-pozo-de-Giahsa-en-julio-de-2023-1.jpg 1280w\" sizes=\"(max-width: 1024px) 100vw, 1024px\" \/><\/figure>\n\n\n\n<p>Cascada Molinos tras la puesta en marcha del pozo de Giahsa en julio de 2023<\/p>\n\n\n\n<figure class=\"wp-block-image size-full\"><img decoding=\"async\" width=\"667\" height=\"375\" src=\"https:\/\/casadelacorte.evolucion.center\/wp-content\/uploads\/2023\/09\/Cascada-Molinos-antes-de-la-puesta-en-marcha-del-pozo-de-Giahsa-en-julio-de-2023-1.jpg\" alt=\"\" class=\"wp-image-2356\" srcset=\"https:\/\/casadelacorte.evolucion.center\/wp-content\/uploads\/2023\/09\/Cascada-Molinos-antes-de-la-puesta-en-marcha-del-pozo-de-Giahsa-en-julio-de-2023-1.jpg 667w, https:\/\/casadelacorte.evolucion.center\/wp-content\/uploads\/2023\/09\/Cascada-Molinos-antes-de-la-puesta-en-marcha-del-pozo-de-Giahsa-en-julio-de-2023-1-300x169.jpg 300w\" sizes=\"(max-width: 667px) 100vw, 667px\" \/><\/figure>\n\n\n\n<p>Cascada Molinos antes de &nbsp;la puesta en marcha del pozo de Giahsa en julio de 2023<\/p>\n","protected":false},"excerpt":{"rendered":"<p>El guardi\u00e1n del bosque y el r\u00edo de estrellas Jos\u00e9 Carlos Cuerda El guardi\u00e1n del bosque era un anciano sabio y bondadoso que velaba por el equilibrio de la naturaleza. Su esp\u00edritu era puro y luminoso, y en las arrugas de su rostro se reflejaban ramas visibles e invisibles que se extend\u00edan por todo el [&hellip;]<\/p>\n","protected":false},"author":1,"featured_media":0,"comment_status":"open","ping_status":"open","sticky":false,"template":"","format":"standard","meta":{"ocean_post_layout":"","ocean_both_sidebars_style":"","ocean_both_sidebars_content_width":0,"ocean_both_sidebars_sidebars_width":0,"ocean_sidebar":"0","ocean_second_sidebar":"0","ocean_disable_margins":"enable","ocean_add_body_class":"","ocean_shortcode_before_top_bar":"","ocean_shortcode_after_top_bar":"","ocean_shortcode_before_header":"","ocean_shortcode_after_header":"","ocean_has_shortcode":"","ocean_shortcode_after_title":"","ocean_shortcode_before_footer_widgets":"","ocean_shortcode_after_footer_widgets":"","ocean_shortcode_before_footer_bottom":"","ocean_shortcode_after_footer_bottom":"","ocean_display_top_bar":"default","ocean_display_header":"default","ocean_header_style":"","ocean_center_header_left_menu":"0","ocean_custom_header_template":"0","ocean_custom_logo":0,"ocean_custom_retina_logo":0,"ocean_custom_logo_max_width":0,"ocean_custom_logo_tablet_max_width":0,"ocean_custom_logo_mobile_max_width":0,"ocean_custom_logo_max_height":0,"ocean_custom_logo_tablet_max_height":0,"ocean_custom_logo_mobile_max_height":0,"ocean_header_custom_menu":"0","ocean_menu_typo_font_family":"0","ocean_menu_typo_font_subset":"","ocean_menu_typo_font_size":0,"ocean_menu_typo_font_size_tablet":0,"ocean_menu_typo_font_size_mobile":0,"ocean_menu_typo_font_size_unit":"px","ocean_menu_typo_font_weight":"","ocean_menu_typo_font_weight_tablet":"","ocean_menu_typo_font_weight_mobile":"","ocean_menu_typo_transform":"","ocean_menu_typo_transform_tablet":"","ocean_menu_typo_transform_mobile":"","ocean_menu_typo_line_height":0,"ocean_menu_typo_line_height_tablet":0,"ocean_menu_typo_line_height_mobile":0,"ocean_menu_typo_line_height_unit":"","ocean_menu_typo_spacing":0,"ocean_menu_typo_spacing_tablet":0,"ocean_menu_typo_spacing_mobile":0,"ocean_menu_typo_spacing_unit":"","ocean_menu_link_color":"","ocean_menu_link_color_hover":"","ocean_menu_link_color_active":"","ocean_menu_link_background":"","ocean_menu_link_hover_background":"","ocean_menu_link_active_background":"","ocean_menu_social_links_bg":"","ocean_menu_social_hover_links_bg":"","ocean_menu_social_links_color":"","ocean_menu_social_hover_links_color":"","ocean_disable_title":"default","ocean_disable_heading":"default","ocean_post_title":"","ocean_post_subheading":"","ocean_post_title_style":"","ocean_post_title_background_color":"","ocean_post_title_background":0,"ocean_post_title_bg_image_position":"","ocean_post_title_bg_image_attachment":"","ocean_post_title_bg_image_repeat":"","ocean_post_title_bg_image_size":"","ocean_post_title_height":0,"ocean_post_title_bg_overlay":0.5,"ocean_post_title_bg_overlay_color":"","ocean_disable_breadcrumbs":"default","ocean_breadcrumbs_color":"","ocean_breadcrumbs_separator_color":"","ocean_breadcrumbs_links_color":"","ocean_breadcrumbs_links_hover_color":"","ocean_display_footer_widgets":"default","ocean_display_footer_bottom":"default","ocean_custom_footer_template":"0","_jetpack_memberships_contains_paid_content":false,"ocean_post_oembed":"","ocean_post_self_hosted_media":"","ocean_post_video_embed":"","ocean_link_format":"","ocean_link_format_target":"self","ocean_quote_format":"","ocean_quote_format_link":"post","ocean_gallery_link_images":"off","ocean_gallery_id":[],"footnotes":""},"categories":[1],"tags":[],"class_list":["post-2360","post","type-post","status-publish","format-standard","hentry","category-sin-categoria","entry"],"jetpack_featured_media_url":"","jetpack-related-posts":[{"id":2358,"url":"https:\/\/casadelacorte.evolucion.center\/?p=2358","url_meta":{"origin":2360,"position":0},"title":"El guardi\u00e1n del bosque que amaneci\u00f3 mudo y manco","author":"casadelacorte.evolucion.center","date":"19 de septiembre de 2023","format":false,"excerpt":"El guardi\u00e1n del bosque que amaneci\u00f3 mudo y manco Jos\u00e9 Carlos Cuerda El-guardian-del-bosque-que-amanecio-mudo-y-mancoDescarga Hab\u00eda una vez un guardi\u00e1n del bosque que se encargaba de cuidar y proteger a todos los animales y plantas que viv\u00edan all\u00ed. Era un hombre muy sabio y bondadoso que amaba su trabajo. Cada d\u00eda recorr\u00eda\u2026","rel":"","context":"En \u00abSin categor\u00eda\u00bb","block_context":{"text":"Sin categor\u00eda","link":"https:\/\/casadelacorte.evolucion.center\/?cat=1"},"img":{"alt_text":"","src":"https:\/\/i0.wp.com\/casadelacorte.evolucion.center\/wp-content\/uploads\/2023\/09\/Cascada-Molinos-tras-la-puesta-en-marcha-del-pozo-de-Giahsa-en-julio-de-2023-1.jpg?resize=350%2C200&ssl=1","width":350,"height":200,"srcset":"https:\/\/i0.wp.com\/casadelacorte.evolucion.center\/wp-content\/uploads\/2023\/09\/Cascada-Molinos-tras-la-puesta-en-marcha-del-pozo-de-Giahsa-en-julio-de-2023-1.jpg?resize=350%2C200&ssl=1 1x, https:\/\/i0.wp.com\/casadelacorte.evolucion.center\/wp-content\/uploads\/2023\/09\/Cascada-Molinos-tras-la-puesta-en-marcha-del-pozo-de-Giahsa-en-julio-de-2023-1.jpg?resize=525%2C300&ssl=1 1.5x, https:\/\/i0.wp.com\/casadelacorte.evolucion.center\/wp-content\/uploads\/2023\/09\/Cascada-Molinos-tras-la-puesta-en-marcha-del-pozo-de-Giahsa-en-julio-de-2023-1.jpg?resize=700%2C400&ssl=1 2x, https:\/\/i0.wp.com\/casadelacorte.evolucion.center\/wp-content\/uploads\/2023\/09\/Cascada-Molinos-tras-la-puesta-en-marcha-del-pozo-de-Giahsa-en-julio-de-2023-1.jpg?resize=1050%2C600&ssl=1 3x"},"classes":[]},{"id":1402,"url":"https:\/\/casadelacorte.evolucion.center\/?p=1402","url_meta":{"origin":2360,"position":1},"title":"21 rutas de senderismo en la Sierra de Aracena.","author":"casadelacorte.evolucion.center","date":"6 de octubre de 2020","format":false,"excerpt":"21 rutas de senderismo en la Sierra de Aracena. 200 km de senderos para los amantes de la naturaleza El turismo activo es una de las maneras m\u00e1s m\u00e1gicas de disfrutar de la naturaleza, gracias al estrecho v\u00ednculo que el viajero establece con el entorno natural visitado. Este contacto permite,\u2026","rel":"","context":"En \u00abSin categor\u00eda\u00bb","block_context":{"text":"Sin categor\u00eda","link":"https:\/\/casadelacorte.evolucion.center\/?cat=1"},"img":{"alt_text":"rutas de senderismo en la Sierra de Aracena","src":"https:\/\/i0.wp.com\/casadelacorte.evolucion.center\/wp-content\/uploads\/2020\/10\/senderos-en-la-sierra-de-aracena.jpg?resize=350%2C200&ssl=1","width":350,"height":200,"srcset":"https:\/\/i0.wp.com\/casadelacorte.evolucion.center\/wp-content\/uploads\/2020\/10\/senderos-en-la-sierra-de-aracena.jpg?resize=350%2C200&ssl=1 1x, https:\/\/i0.wp.com\/casadelacorte.evolucion.center\/wp-content\/uploads\/2020\/10\/senderos-en-la-sierra-de-aracena.jpg?resize=525%2C300&ssl=1 1.5x, https:\/\/i0.wp.com\/casadelacorte.evolucion.center\/wp-content\/uploads\/2020\/10\/senderos-en-la-sierra-de-aracena.jpg?resize=700%2C400&ssl=1 2x"},"classes":[]},{"id":2350,"url":"https:\/\/casadelacorte.evolucion.center\/?p=2350","url_meta":{"origin":2360,"position":2},"title":"La triste historia del hombre que hizo un pozo junto a un manantial","author":"casadelacorte.evolucion.center","date":"19 de septiembre de 2023","format":false,"excerpt":"La-triste-historia-del-hombre-que-hizo-un-pozo-junto-a-un-manantialDescarga \u00c9rase una vez un hombre que viv\u00eda en un bosque junto a un arroyo. El hombre quer\u00eda tener m\u00e1s agua para regar sus cultivos y llenar su piscina. As\u00ed que decidi\u00f3 hacer un pozo junto a un manantial que brotaba cerca del arroyo. El hombre cav\u00f3 y cav\u00f3 hasta\u2026","rel":"","context":"En \u00abSin categor\u00eda\u00bb","block_context":{"text":"Sin categor\u00eda","link":"https:\/\/casadelacorte.evolucion.center\/?cat=1"},"img":{"alt_text":"","src":"https:\/\/i0.wp.com\/casadelacorte.evolucion.center\/wp-content\/uploads\/2023\/09\/Cascada-Molinos-antes-de-la-puesta-en-marcha-del-pozo-de-Giahsa-en-julio-de-2023.jpg?resize=350%2C200&ssl=1","width":350,"height":200,"srcset":"https:\/\/i0.wp.com\/casadelacorte.evolucion.center\/wp-content\/uploads\/2023\/09\/Cascada-Molinos-antes-de-la-puesta-en-marcha-del-pozo-de-Giahsa-en-julio-de-2023.jpg?resize=350%2C200&ssl=1 1x, https:\/\/i0.wp.com\/casadelacorte.evolucion.center\/wp-content\/uploads\/2023\/09\/Cascada-Molinos-antes-de-la-puesta-en-marcha-del-pozo-de-Giahsa-en-julio-de-2023.jpg?resize=525%2C300&ssl=1 1.5x"},"classes":[]},{"id":2375,"url":"https:\/\/casadelacorte.evolucion.center\/?p=2375","url_meta":{"origin":2360,"position":3},"title":"La triste historia de Pedro, el director de un parque natural","author":"casadelacorte.evolucion.center","date":"27 de septiembre de 2023","format":false,"excerpt":"Hab\u00eda una vez un director de un parque natural llamado Pedro. Aunque se supon\u00eda que Pedro deb\u00eda proteger y preservar la belleza natural del parque, result\u00f3 ser un l\u00edder inepto e irresponsable. En lugar de cuidar del parque y sus habitantes, permiti\u00f3 que se construyera un enorme y ruidoso pozo\u2026","rel":"","context":"En \u00abSin categor\u00eda\u00bb","block_context":{"text":"Sin categor\u00eda","link":"https:\/\/casadelacorte.evolucion.center\/?cat=1"},"img":{"alt_text":"","src":"https:\/\/i0.wp.com\/casadelacorte.evolucion.center\/wp-content\/uploads\/2023\/09\/Cascada-Molinos-antes-de-la-puesta-en-marcha-del-pozo-de-Giahsa-en-julio-de-2023-1.jpg?resize=350%2C200&ssl=1","width":350,"height":200,"srcset":"https:\/\/i0.wp.com\/casadelacorte.evolucion.center\/wp-content\/uploads\/2023\/09\/Cascada-Molinos-antes-de-la-puesta-en-marcha-del-pozo-de-Giahsa-en-julio-de-2023-1.jpg?resize=350%2C200&ssl=1 1x, https:\/\/i0.wp.com\/casadelacorte.evolucion.center\/wp-content\/uploads\/2023\/09\/Cascada-Molinos-antes-de-la-puesta-en-marcha-del-pozo-de-Giahsa-en-julio-de-2023-1.jpg?resize=525%2C300&ssl=1 1.5x"},"classes":[]},{"id":2354,"url":"https:\/\/casadelacorte.evolucion.center\/?p=2354","url_meta":{"origin":2360,"position":4},"title":"Diego y la Cascada de los Molinos","author":"casadelacorte.evolucion.center","date":"19 de septiembre de 2023","format":false,"excerpt":"Hab\u00eda una vez una cascada que viv\u00eda en lo alto de una monta\u00f1a. Era una cascada muy feliz, porque le encantaba sentir las grandes piedras de los molinos girando con la fuerza de su agua, a los campesinos con sus sacos de trigo, y a los ni\u00f1os jugando en sus\u2026","rel":"","context":"En \u00abSin categor\u00eda\u00bb","block_context":{"text":"Sin categor\u00eda","link":"https:\/\/casadelacorte.evolucion.center\/?cat=1"},"img":{"alt_text":"","src":"https:\/\/i0.wp.com\/casadelacorte.evolucion.center\/wp-content\/uploads\/2023\/09\/Cascada-Molinos-antes-de-la-puesta-en-marcha-del-pozo-de-Giahsa-en-julio-de-2023-1.jpg?resize=350%2C200&ssl=1","width":350,"height":200,"srcset":"https:\/\/i0.wp.com\/casadelacorte.evolucion.center\/wp-content\/uploads\/2023\/09\/Cascada-Molinos-antes-de-la-puesta-en-marcha-del-pozo-de-Giahsa-en-julio-de-2023-1.jpg?resize=350%2C200&ssl=1 1x, https:\/\/i0.wp.com\/casadelacorte.evolucion.center\/wp-content\/uploads\/2023\/09\/Cascada-Molinos-antes-de-la-puesta-en-marcha-del-pozo-de-Giahsa-en-julio-de-2023-1.jpg?resize=525%2C300&ssl=1 1.5x"},"classes":[]},{"id":1363,"url":"https:\/\/casadelacorte.evolucion.center\/?p=1363","url_meta":{"origin":2360,"position":5},"title":"Ya est\u00e1 aqu\u00ed la temporada de setas en la Sierra de Aracena","author":"casadelacorte.evolucion.center","date":"20 de septiembre de 2020","format":false,"excerpt":"Han llegado las primeras lluvias del oto\u00f1o, y con ellas muy pronto comenzar\u00e1 la temporada de setas en la Sierra de Aracena. La riqueza gastron\u00f3mica de estos montes te sorprender\u00e1 y se hace patente en la gran variedad de setas deliciosas que probaremos este oto\u00f1o: tentullos, tanas, gallipiernos, n\u00edscalos o,\u2026","rel":"","context":"En \u00abSin categor\u00eda\u00bb","block_context":{"text":"Sin categor\u00eda","link":"https:\/\/casadelacorte.evolucion.center\/?cat=1"},"img":{"alt_text":"","src":"https:\/\/i0.wp.com\/casadelacorte.evolucion.center\/wp-content\/uploads\/2020\/09\/01-Tana-1.jpg?resize=350%2C200&ssl=1","width":350,"height":200,"srcset":"https:\/\/i0.wp.com\/casadelacorte.evolucion.center\/wp-content\/uploads\/2020\/09\/01-Tana-1.jpg?resize=350%2C200&ssl=1 1x, https:\/\/i0.wp.com\/casadelacorte.evolucion.center\/wp-content\/uploads\/2020\/09\/01-Tana-1.jpg?resize=525%2C300&ssl=1 1.5x, https:\/\/i0.wp.com\/casadelacorte.evolucion.center\/wp-content\/uploads\/2020\/09\/01-Tana-1.jpg?resize=700%2C400&ssl=1 2x, https:\/\/i0.wp.com\/casadelacorte.evolucion.center\/wp-content\/uploads\/2020\/09\/01-Tana-1.jpg?resize=1050%2C600&ssl=1 3x"},"classes":[]}],"jetpack_sharing_enabled":true,"_links":{"self":[{"href":"https:\/\/casadelacorte.evolucion.center\/index.php?rest_route=\/wp\/v2\/posts\/2360","targetHints":{"allow":["GET"]}}],"collection":[{"href":"https:\/\/casadelacorte.evolucion.center\/index.php?rest_route=\/wp\/v2\/posts"}],"about":[{"href":"https:\/\/casadelacorte.evolucion.center\/index.php?rest_route=\/wp\/v2\/types\/post"}],"author":[{"embeddable":true,"href":"https:\/\/casadelacorte.evolucion.center\/index.php?rest_route=\/wp\/v2\/users\/1"}],"replies":[{"embeddable":true,"href":"https:\/\/casadelacorte.evolucion.center\/index.php?rest_route=%2Fwp%2Fv2%2Fcomments&post=2360"}],"version-history":[{"count":2,"href":"https:\/\/casadelacorte.evolucion.center\/index.php?rest_route=\/wp\/v2\/posts\/2360\/revisions"}],"predecessor-version":[{"id":2364,"href":"https:\/\/casadelacorte.evolucion.center\/index.php?rest_route=\/wp\/v2\/posts\/2360\/revisions\/2364"}],"wp:attachment":[{"href":"https:\/\/casadelacorte.evolucion.center\/index.php?rest_route=%2Fwp%2Fv2%2Fmedia&parent=2360"}],"wp:term":[{"taxonomy":"category","embeddable":true,"href":"https:\/\/casadelacorte.evolucion.center\/index.php?rest_route=%2Fwp%2Fv2%2Fcategories&post=2360"},{"taxonomy":"post_tag","embeddable":true,"href":"https:\/\/casadelacorte.evolucion.center\/index.php?rest_route=%2Fwp%2Fv2%2Ftags&post=2360"}],"curies":[{"name":"wp","href":"https:\/\/api.w.org\/{rel}","templated":true}]}}