{"id":2350,"date":"2023-09-19T15:00:09","date_gmt":"2023-09-19T13:00:09","guid":{"rendered":"https:\/\/casadelacorte.evolucion.center\/?p=2350"},"modified":"2023-09-19T18:26:18","modified_gmt":"2023-09-19T16:26:18","slug":"la-triste-historia-del-hombre-que-hizo-un-pozo-junto-a-un-manantial","status":"publish","type":"post","link":"https:\/\/casadelacorte.evolucion.center\/?p=2350","title":{"rendered":"La triste historia del hombre que hizo un pozo junto a un manantial"},"content":{"rendered":"\n<div data-wp-interactive=\"core\/file\" class=\"wp-block-file\"><object data-wp-bind--hidden=\"!state.hasPdfPreview\" hidden class=\"wp-block-file__embed\" data=\"https:\/\/casadelacorte.evolucion.center\/wp-content\/uploads\/2023\/09\/La-triste-historia-del-hombre-que-hizo-un-pozo-junto-a-un-manantial.pdf\" type=\"application\/pdf\" style=\"width:100%;height:600px\" aria-label=\"Incrustado de La-triste-historia-del-hombre-que-hizo-un-pozo-junto-a-un-manantial.\"><\/object><a id=\"wp-block-file--media-608623c1-a938-4220-a44e-59a9ea7ac078\" href=\"https:\/\/casadelacorte.evolucion.center\/wp-content\/uploads\/2023\/09\/La-triste-historia-del-hombre-que-hizo-un-pozo-junto-a-un-manantial.pdf\">La-triste-historia-del-hombre-que-hizo-un-pozo-junto-a-un-manantial<\/a><a href=\"https:\/\/casadelacorte.evolucion.center\/wp-content\/uploads\/2023\/09\/La-triste-historia-del-hombre-que-hizo-un-pozo-junto-a-un-manantial.pdf\" class=\"wp-block-file__button wp-element-button\" download aria-describedby=\"wp-block-file--media-608623c1-a938-4220-a44e-59a9ea7ac078\">Descarga<\/a><\/div>\n\n\n\n<p>\u00c9rase una vez un hombre que viv\u00eda en un bosque junto a un arroyo. El hombre quer\u00eda tener m\u00e1s agua para regar sus cultivos y llenar su piscina. As\u00ed que decidi\u00f3 hacer un pozo junto a un manantial que brotaba cerca del arroyo.<\/p>\n\n\n\n<p>El hombre cav\u00f3 y cav\u00f3 hasta que encontr\u00f3 el agua. Estaba tan contento que conect\u00f3 una bomba al pozo y empez\u00f3 a extraer el agua sin parar. Lo que no sab\u00eda el hombre era que el manantial era la fuente del arroyo, y que al sacar el agua estaba secando el cauce por donde corr\u00eda.<\/p>\n\n\n\n<p>Los peces que nadaban en el arroyo se quedaron sin agua y murieron asfixiados. Los animales que beb\u00edan del arroyo se quedaron sin agua y tuvieron que buscar otra fuente. Los \u00e1rboles frutales que crec\u00edan junto al arroyo se quedaron sin agua y se secaron. Los chopos, los sauces y las flores que adornaban el arroyo se quedaron sin agua y se marchitaron.<\/p>\n\n\n\n<p>El bosque se convirti\u00f3 en un desierto, y los animales que viv\u00edan en \u00e9l sufrieron mucho. Los ciervos, los conejos, los p\u00e1jaros y las comadrejas se fueron muriendo de hambre y de sed. El hombre segu\u00eda sacando agua del pozo, sin darse cuenta de lo que hab\u00eda causado.<\/p>\n\n\n\n<p>Un d\u00eda, el hombre sali\u00f3 de su casa y vio el paisaje desolado. Se sorprendi\u00f3 al ver que no hab\u00eda ni una gota de agua en el arroyo, ni una hoja verde en los \u00e1rboles, ni un sonido de animal en el aire. Se pregunt\u00f3 qu\u00e9 hab\u00eda pasado, y fue a ver su pozo.<\/p>\n\n\n\n<p>Cuando lleg\u00f3 al pozo, vio que estaba vac\u00edo. La bomba hab\u00eda agotado toda el agua del manantial, y no quedaba nada. El hombre se dio cuenta de su error, y se arrepinti\u00f3 de su codicia. Pero ya era tarde. Hab\u00eda destruido el bosque y la vida que hab\u00eda en \u00e9l.<\/p>\n\n\n\n<p>El hombre llor\u00f3 amargamente, pero sus l\u00e1grimas no sirvieron de nada. Se qued\u00f3 solo en medio del desierto, sin agua, sin comida, sin amigos. Y as\u00ed termina la triste historia del hombre que hizo un pozo junto a un manantial.<\/p>\n\n\n\n<p>Espero que te haya gustado el cuento. <img decoding=\"async\" width=\"17\" height=\"17\" src=\"\" alt=\"\ud83d\ude0a\">Cualquier parecido con lo que est\u00e1 sucediendo en la Sierra de Aracena, con motivo del pozo que ha hecho Giahsa en julio de 2023 junto al manantial del arroyo Fuente del Rey, que ha secado por completo la Cascada de los Molinos es l\u00f3gicamente pura coincidencia fruto del azar.<\/p>\n\n\n\n<figure class=\"wp-block-image\"><img fetchpriority=\"high\" decoding=\"async\" width=\"1280\" height=\"720\" src=\"https:\/\/casadelacorte.evolucion.center\/wp-content\/uploads\/2023\/09\/Cascada-Molinos-tras-la-puesta-en-marcha-del-pozo-de-Giahsa-en-julio-de-2023.jpg\" alt=\"\" class=\"wp-image-2351\" srcset=\"https:\/\/casadelacorte.evolucion.center\/wp-content\/uploads\/2023\/09\/Cascada-Molinos-tras-la-puesta-en-marcha-del-pozo-de-Giahsa-en-julio-de-2023.jpg 1280w, https:\/\/casadelacorte.evolucion.center\/wp-content\/uploads\/2023\/09\/Cascada-Molinos-tras-la-puesta-en-marcha-del-pozo-de-Giahsa-en-julio-de-2023-300x169.jpg 300w, https:\/\/casadelacorte.evolucion.center\/wp-content\/uploads\/2023\/09\/Cascada-Molinos-tras-la-puesta-en-marcha-del-pozo-de-Giahsa-en-julio-de-2023-1024x576.jpg 1024w, https:\/\/casadelacorte.evolucion.center\/wp-content\/uploads\/2023\/09\/Cascada-Molinos-tras-la-puesta-en-marcha-del-pozo-de-Giahsa-en-julio-de-2023-768x432.jpg 768w, https:\/\/casadelacorte.evolucion.center\/wp-content\/uploads\/2023\/09\/Cascada-Molinos-tras-la-puesta-en-marcha-del-pozo-de-Giahsa-en-julio-de-2023-800x450.jpg 800w\" sizes=\"(max-width: 1280px) 100vw, 1280px\" \/><\/figure>\n\n\n\n<figure class=\"wp-block-image\"><img decoding=\"async\" width=\"667\" height=\"375\" src=\"https:\/\/casadelacorte.evolucion.center\/wp-content\/uploads\/2023\/09\/Cascada-Molinos-antes-de-la-puesta-en-marcha-del-pozo-de-Giahsa-en-julio-de-2023.jpg\" alt=\"\" class=\"wp-image-2352\" srcset=\"https:\/\/casadelacorte.evolucion.center\/wp-content\/uploads\/2023\/09\/Cascada-Molinos-antes-de-la-puesta-en-marcha-del-pozo-de-Giahsa-en-julio-de-2023.jpg 667w, https:\/\/casadelacorte.evolucion.center\/wp-content\/uploads\/2023\/09\/Cascada-Molinos-antes-de-la-puesta-en-marcha-del-pozo-de-Giahsa-en-julio-de-2023-300x169.jpg 300w\" sizes=\"(max-width: 667px) 100vw, 667px\" \/><\/figure>\n\n\n\n<p><a href=\"https:\/\/www.facebook.com\/hashtag\/nextgenerationeu?__eep__=6&amp;__cft__%5b0%5d=AZV1HiEnDJXuiUysERcSg1_5JHFPmWfT7QsrT1rdoP0NPvjeSaQ0o4RNwn6fwEVj5yCB6zi_6OJRDFck4Gqe1jo1Kg2Y1IYDQebOedFtZtFuZAZs_HFJPJmSMGzjyq7hEqVjtGGJFnGQNlkiD_8IL9_MWvDgZwsGBPeeXRcGTI4c95c9HquWBPcW73dWzIu7XQU&amp;__tn__=*NK-R\">#NextGenerationEU<\/a> <a href=\"https:\/\/www.facebook.com\/hashtag\/diputaciondehuelva?__eep__=6&amp;__cft__%5b0%5d=AZV1HiEnDJXuiUysERcSg1_5JHFPmWfT7QsrT1rdoP0NPvjeSaQ0o4RNwn6fwEVj5yCB6zi_6OJRDFck4Gqe1jo1Kg2Y1IYDQebOedFtZtFuZAZs_HFJPJmSMGzjyq7hEqVjtGGJFnGQNlkiD_8IL9_MWvDgZwsGBPeeXRcGTI4c95c9HquWBPcW73dWzIu7XQU&amp;__tn__=*NK-R\">#diputaciondehuelva<\/a> <a href=\"https:\/\/www.facebook.com\/hashtag\/corteconcepcion?__eep__=6&amp;__cft__%5b0%5d=AZV1HiEnDJXuiUysERcSg1_5JHFPmWfT7QsrT1rdoP0NPvjeSaQ0o4RNwn6fwEVj5yCB6zi_6OJRDFck4Gqe1jo1Kg2Y1IYDQebOedFtZtFuZAZs_HFJPJmSMGzjyq7hEqVjtGGJFnGQNlkiD_8IL9_MWvDgZwsGBPeeXRcGTI4c95c9HquWBPcW73dWzIu7XQU&amp;__tn__=*NK-R\">#corteconcepcion<\/a> <a href=\"https:\/\/www.facebook.com\/hashtag\/feder?__eep__=6&amp;__cft__%5b0%5d=AZV1HiEnDJXuiUysERcSg1_5JHFPmWfT7QsrT1rdoP0NPvjeSaQ0o4RNwn6fwEVj5yCB6zi_6OJRDFck4Gqe1jo1Kg2Y1IYDQebOedFtZtFuZAZs_HFJPJmSMGzjyq7hEqVjtGGJFnGQNlkiD_8IL9_MWvDgZwsGBPeeXRcGTI4c95c9HquWBPcW73dWzIu7XQU&amp;__tn__=*NK-R\">#FEDER<\/a> <a href=\"https:\/\/www.facebook.com\/hashtag\/huelva?__eep__=6&amp;__cft__%5b0%5d=AZV1HiEnDJXuiUysERcSg1_5JHFPmWfT7QsrT1rdoP0NPvjeSaQ0o4RNwn6fwEVj5yCB6zi_6OJRDFck4Gqe1jo1Kg2Y1IYDQebOedFtZtFuZAZs_HFJPJmSMGzjyq7hEqVjtGGJFnGQNlkiD_8IL9_MWvDgZwsGBPeeXRcGTI4c95c9HquWBPcW73dWzIu7XQU&amp;__tn__=*NK-R\">#Huelva<\/a> <a href=\"https:\/\/www.facebook.com\/hashtag\/huelvaturismo?__eep__=6&amp;__cft__%5b0%5d=AZV1HiEnDJXuiUysERcSg1_5JHFPmWfT7QsrT1rdoP0NPvjeSaQ0o4RNwn6fwEVj5yCB6zi_6OJRDFck4Gqe1jo1Kg2Y1IYDQebOedFtZtFuZAZs_HFJPJmSMGzjyq7hEqVjtGGJFnGQNlkiD_8IL9_MWvDgZwsGBPeeXRcGTI4c95c9HquWBPcW73dWzIu7XQU&amp;__tn__=*NK-R\">#huelvaturismo<\/a> <a href=\"https:\/\/www.facebook.com\/hashtag\/unioneuropea?__eep__=6&amp;__cft__%5b0%5d=AZV1HiEnDJXuiUysERcSg1_5JHFPmWfT7QsrT1rdoP0NPvjeSaQ0o4RNwn6fwEVj5yCB6zi_6OJRDFck4Gqe1jo1Kg2Y1IYDQebOedFtZtFuZAZs_HFJPJmSMGzjyq7hEqVjtGGJFnGQNlkiD_8IL9_MWvDgZwsGBPeeXRcGTI4c95c9HquWBPcW73dWzIu7XQU&amp;__tn__=*NK-R\">#UnionEuropea<\/a> <a href=\"https:\/\/www.facebook.com\/hashtag\/juntadeandalucia?__eep__=6&amp;__cft__%5b0%5d=AZV1HiEnDJXuiUysERcSg1_5JHFPmWfT7QsrT1rdoP0NPvjeSaQ0o4RNwn6fwEVj5yCB6zi_6OJRDFck4Gqe1jo1Kg2Y1IYDQebOedFtZtFuZAZs_HFJPJmSMGzjyq7hEqVjtGGJFnGQNlkiD_8IL9_MWvDgZwsGBPeeXRcGTI4c95c9HquWBPcW73dWzIu7XQU&amp;__tn__=*NK-R\">#juntadeandalucia<\/a> <a href=\"https:\/\/www.facebook.com\/hashtag\/giahsa?__eep__=6&amp;__cft__%5b0%5d=AZV1HiEnDJXuiUysERcSg1_5JHFPmWfT7QsrT1rdoP0NPvjeSaQ0o4RNwn6fwEVj5yCB6zi_6OJRDFck4Gqe1jo1Kg2Y1IYDQebOedFtZtFuZAZs_HFJPJmSMGzjyq7hEqVjtGGJFnGQNlkiD_8IL9_MWvDgZwsGBPeeXRcGTI4c95c9HquWBPcW73dWzIu7XQU&amp;__tn__=*NK-R\">#Giahsa<\/a> <a href=\"https:\/\/www.facebook.com\/PNSAPA?__cft__%5b0%5d=AZV1HiEnDJXuiUysERcSg1_5JHFPmWfT7QsrT1rdoP0NPvjeSaQ0o4RNwn6fwEVj5yCB6zi_6OJRDFck4Gqe1jo1Kg2Y1IYDQebOedFtZtFuZAZs_HFJPJmSMGzjyq7hEqVjtGGJFnGQNlkiD_8IL9_MWvDgZwsGBPeeXRcGTI4c95c9HquWBPcW73dWzIu7XQU&amp;__tn__=-%5dK-R\">Parque Natural Sierra de Aracena y Picos de Aroche<\/a> <a href=\"https:\/\/www.facebook.com\/Ecologistas.en.Accion?__cft__%5b0%5d=AZV1HiEnDJXuiUysERcSg1_5JHFPmWfT7QsrT1rdoP0NPvjeSaQ0o4RNwn6fwEVj5yCB6zi_6OJRDFck4Gqe1jo1Kg2Y1IYDQebOedFtZtFuZAZs_HFJPJmSMGzjyq7hEqVjtGGJFnGQNlkiD_8IL9_MWvDgZwsGBPeeXRcGTI4c95c9HquWBPcW73dWzIu7XQU&amp;__tn__=-%5dK-R\">Ecologistas en Acci\u00f3n<\/a> <a href=\"https:\/\/www.facebook.com\/Aracena-114488761901358\/?__cft__%5b0%5d=AZV1HiEnDJXuiUysERcSg1_5JHFPmWfT7QsrT1rdoP0NPvjeSaQ0o4RNwn6fwEVj5yCB6zi_6OJRDFck4Gqe1jo1Kg2Y1IYDQebOedFtZtFuZAZs_HFJPJmSMGzjyq7hEqVjtGGJFnGQNlkiD_8IL9_MWvDgZwsGBPeeXRcGTI4c95c9HquWBPcW73dWzIu7XQU&amp;__tn__=kK-R\">Aracena<\/a> <a href=\"https:\/\/www.facebook.com\/profile.php?id=100014000326488&amp;__cft__%5b0%5d=AZV1HiEnDJXuiUysERcSg1_5JHFPmWfT7QsrT1rdoP0NPvjeSaQ0o4RNwn6fwEVj5yCB6zi_6OJRDFck4Gqe1jo1Kg2Y1IYDQebOedFtZtFuZAZs_HFJPJmSMGzjyq7hEqVjtGGJFnGQNlkiD_8IL9_MWvDgZwsGBPeeXRcGTI4c95c9HquWBPcW73dWzIu7XQU&amp;__tn__=-%5dK-R\">Aracena Rural<\/a> <a href=\"https:\/\/www.facebook.com\/Juntadeandaluciaes-651057498273270\/?__cft__%5b0%5d=AZV1HiEnDJXuiUysERcSg1_5JHFPmWfT7QsrT1rdoP0NPvjeSaQ0o4RNwn6fwEVj5yCB6zi_6OJRDFck4Gqe1jo1Kg2Y1IYDQebOedFtZtFuZAZs_HFJPJmSMGzjyq7hEqVjtGGJFnGQNlkiD_8IL9_MWvDgZwsGBPeeXRcGTI4c95c9HquWBPcW73dWzIu7XQU&amp;__tn__=kK-R\">Juntadeandalucia.es<\/a> <a href=\"https:\/\/www.facebook.com\/Greenpeace-108107785877836\/?__cft__%5b0%5d=AZV1HiEnDJXuiUysERcSg1_5JHFPmWfT7QsrT1rdoP0NPvjeSaQ0o4RNwn6fwEVj5yCB6zi_6OJRDFck4Gqe1jo1Kg2Y1IYDQebOedFtZtFuZAZs_HFJPJmSMGzjyq7hEqVjtGGJFnGQNlkiD_8IL9_MWvDgZwsGBPeeXRcGTI4c95c9HquWBPcW73dWzIu7XQU&amp;__tn__=kK-R\">Greenpeace<\/a> <a href=\"https:\/\/www.facebook.com\/EuromediaComunicacion?__cft__%5b0%5d=AZV1HiEnDJXuiUysERcSg1_5JHFPmWfT7QsrT1rdoP0NPvjeSaQ0o4RNwn6fwEVj5yCB6zi_6OJRDFck4Gqe1jo1Kg2Y1IYDQebOedFtZtFuZAZs_HFJPJmSMGzjyq7hEqVjtGGJFnGQNlkiD_8IL9_MWvDgZwsGBPeeXRcGTI4c95c9HquWBPcW73dWzIu7XQU&amp;__tn__=-%5dK-R\">Euromedia Comunicaci\u00f3n<\/a> <a href=\"https:\/\/www.facebook.com\/Europe-103760706329385\/?__cft__%5b0%5d=AZV1HiEnDJXuiUysERcSg1_5JHFPmWfT7QsrT1rdoP0NPvjeSaQ0o4RNwn6fwEVj5yCB6zi_6OJRDFck4Gqe1jo1Kg2Y1IYDQebOedFtZtFuZAZs_HFJPJmSMGzjyq7hEqVjtGGJFnGQNlkiD_8IL9_MWvDgZwsGBPeeXRcGTI4c95c9HquWBPcW73dWzIu7XQU&amp;__tn__=kK-R\">Europe<\/a> <a href=\"https:\/\/www.facebook.com\/europapress.es?__cft__%5b0%5d=AZV1HiEnDJXuiUysERcSg1_5JHFPmWfT7QsrT1rdoP0NPvjeSaQ0o4RNwn6fwEVj5yCB6zi_6OJRDFck4Gqe1jo1Kg2Y1IYDQebOedFtZtFuZAZs_HFJPJmSMGzjyq7hEqVjtGGJFnGQNlkiD_8IL9_MWvDgZwsGBPeeXRcGTI4c95c9HquWBPcW73dWzIu7XQU&amp;__tn__=-%5dK-R\">Europa Press<\/a> <a href=\"https:\/\/www.facebook.com\/EPinternacional?__cft__%5b0%5d=AZV1HiEnDJXuiUysERcSg1_5JHFPmWfT7QsrT1rdoP0NPvjeSaQ0o4RNwn6fwEVj5yCB6zi_6OJRDFck4Gqe1jo1Kg2Y1IYDQebOedFtZtFuZAZs_HFJPJmSMGzjyq7hEqVjtGGJFnGQNlkiD_8IL9_MWvDgZwsGBPeeXRcGTI4c95c9HquWBPcW73dWzIu7XQU&amp;__tn__=-%5dK-R\">Europa Press Internacional<\/a> <a href=\"https:\/\/www.facebook.com\/CanalSurNoticias?__cft__%5b0%5d=AZV1HiEnDJXuiUysERcSg1_5JHFPmWfT7QsrT1rdoP0NPvjeSaQ0o4RNwn6fwEVj5yCB6zi_6OJRDFck4Gqe1jo1Kg2Y1IYDQebOedFtZtFuZAZs_HFJPJmSMGzjyq7hEqVjtGGJFnGQNlkiD_8IL9_MWvDgZwsGBPeeXRcGTI4c95c9HquWBPcW73dWzIu7XQU&amp;__tn__=-%5dK-R\">CanalSur Noticias<\/a> <a href=\"https:\/\/www.facebook.com\/CanalSurHuelva?__cft__%5b0%5d=AZV1HiEnDJXuiUysERcSg1_5JHFPmWfT7QsrT1rdoP0NPvjeSaQ0o4RNwn6fwEVj5yCB6zi_6OJRDFck4Gqe1jo1Kg2Y1IYDQebOedFtZtFuZAZs_HFJPJmSMGzjyq7hEqVjtGGJFnGQNlkiD_8IL9_MWvDgZwsGBPeeXRcGTI4c95c9HquWBPcW73dWzIu7XQU&amp;__tn__=-%5dK-R\">CanalSur Huelva<\/a> <a href=\"https:\/\/www.facebook.com\/canalsurradioytv?__cft__%5b0%5d=AZV1HiEnDJXuiUysERcSg1_5JHFPmWfT7QsrT1rdoP0NPvjeSaQ0o4RNwn6fwEVj5yCB6zi_6OJRDFck4Gqe1jo1Kg2Y1IYDQebOedFtZtFuZAZs_HFJPJmSMGzjyq7hEqVjtGGJFnGQNlkiD_8IL9_MWvDgZwsGBPeeXRcGTI4c95c9HquWBPcW73dWzIu7XQU&amp;__tn__=-%5dK-R\">CanalSur Radio y Televisi\u00f3n<\/a> <a href=\"https:\/\/www.facebook.com\/jginvaz?__cft__%5b0%5d=AZV1HiEnDJXuiUysERcSg1_5JHFPmWfT7QsrT1rdoP0NPvjeSaQ0o4RNwn6fwEVj5yCB6zi_6OJRDFck4Gqe1jo1Kg2Y1IYDQebOedFtZtFuZAZs_HFJPJmSMGzjyq7hEqVjtGGJFnGQNlkiD_8IL9_MWvDgZwsGBPeeXRcGTI4c95c9HquWBPcW73dWzIu7XQU&amp;__tn__=-%5dK-R\">Javier Gin\u00e9s V\u00e1zquez<\/a> <a href=\"https:\/\/www.facebook.com\/javier.gutierrezcaracuel.9?__cft__%5b0%5d=AZV1HiEnDJXuiUysERcSg1_5JHFPmWfT7QsrT1rdoP0NPvjeSaQ0o4RNwn6fwEVj5yCB6zi_6OJRDFck4Gqe1jo1Kg2Y1IYDQebOedFtZtFuZAZs_HFJPJmSMGzjyq7hEqVjtGGJFnGQNlkiD_8IL9_MWvDgZwsGBPeeXRcGTI4c95c9HquWBPcW73dWzIu7XQU&amp;__tn__=-%5dK-R\">Javier Gutierrez Caracuel<\/a> <a href=\"https:\/\/www.facebook.com\/AhoraNoticiasAndalucia?__cft__%5b0%5d=AZV1HiEnDJXuiUysERcSg1_5JHFPmWfT7QsrT1rdoP0NPvjeSaQ0o4RNwn6fwEVj5yCB6zi_6OJRDFck4Gqe1jo1Kg2Y1IYDQebOedFtZtFuZAZs_HFJPJmSMGzjyq7hEqVjtGGJFnGQNlkiD_8IL9_MWvDgZwsGBPeeXRcGTI4c95c9HquWBPcW73dWzIu7XQU&amp;__tn__=-%5dK-R\">Andaluc\u00eda Ahora Noticias<\/a> <a href=\"https:\/\/www.facebook.com\/hashtag\/canalsur?__eep__=6&amp;__cft__%5b0%5d=AZV1HiEnDJXuiUysERcSg1_5JHFPmWfT7QsrT1rdoP0NPvjeSaQ0o4RNwn6fwEVj5yCB6zi_6OJRDFck4Gqe1jo1Kg2Y1IYDQebOedFtZtFuZAZs_HFJPJmSMGzjyq7hEqVjtGGJFnGQNlkiD_8IL9_MWvDgZwsGBPeeXRcGTI4c95c9HquWBPcW73dWzIu7XQU&amp;__tn__=*NK-R\">#CanalSur<\/a> <a href=\"https:\/\/www.facebook.com\/hashtag\/canalsurradio?__eep__=6&amp;__cft__%5b0%5d=AZV1HiEnDJXuiUysERcSg1_5JHFPmWfT7QsrT1rdoP0NPvjeSaQ0o4RNwn6fwEVj5yCB6zi_6OJRDFck4Gqe1jo1Kg2Y1IYDQebOedFtZtFuZAZs_HFJPJmSMGzjyq7hEqVjtGGJFnGQNlkiD_8IL9_MWvDgZwsGBPeeXRcGTI4c95c9HquWBPcW73dWzIu7XQU&amp;__tn__=*NK-R\">#CanalSurRadio<\/a> <a href=\"https:\/\/www.facebook.com\/MedioAmbienteSLV?__cft__%5b0%5d=AZV1HiEnDJXuiUysERcSg1_5JHFPmWfT7QsrT1rdoP0NPvjeSaQ0o4RNwn6fwEVj5yCB6zi_6OJRDFck4Gqe1jo1Kg2Y1IYDQebOedFtZtFuZAZs_HFJPJmSMGzjyq7hEqVjtGGJFnGQNlkiD_8IL9_MWvDgZwsGBPeeXRcGTI4c95c9HquWBPcW73dWzIu7XQU&amp;__tn__=-%5dK-R\">Ministerio de Medio Ambiente<\/a><\/p>\n","protected":false},"excerpt":{"rendered":"<p>\u00c9rase una vez un hombre que viv\u00eda en un bosque junto a un arroyo. El hombre quer\u00eda tener m\u00e1s agua para regar sus cultivos y llenar su piscina. As\u00ed que decidi\u00f3 hacer un pozo junto a un manantial que brotaba cerca del arroyo. El hombre cav\u00f3 y cav\u00f3 hasta que encontr\u00f3 el agua. Estaba tan [&hellip;]<\/p>\n","protected":false},"author":1,"featured_media":0,"comment_status":"open","ping_status":"open","sticky":false,"template":"","format":"standard","meta":{"ocean_post_layout":"","ocean_both_sidebars_style":"","ocean_both_sidebars_content_width":0,"ocean_both_sidebars_sidebars_width":0,"ocean_sidebar":"0","ocean_second_sidebar":"0","ocean_disable_margins":"enable","ocean_add_body_class":"","ocean_shortcode_before_top_bar":"","ocean_shortcode_after_top_bar":"","ocean_shortcode_before_header":"","ocean_shortcode_after_header":"","ocean_has_shortcode":"","ocean_shortcode_after_title":"","ocean_shortcode_before_footer_widgets":"","ocean_shortcode_after_footer_widgets":"","ocean_shortcode_before_footer_bottom":"","ocean_shortcode_after_footer_bottom":"","ocean_display_top_bar":"default","ocean_display_header":"default","ocean_header_style":"","ocean_center_header_left_menu":"0","ocean_custom_header_template":"0","ocean_custom_logo":0,"ocean_custom_retina_logo":0,"ocean_custom_logo_max_width":0,"ocean_custom_logo_tablet_max_width":0,"ocean_custom_logo_mobile_max_width":0,"ocean_custom_logo_max_height":0,"ocean_custom_logo_tablet_max_height":0,"ocean_custom_logo_mobile_max_height":0,"ocean_header_custom_menu":"0","ocean_menu_typo_font_family":"0","ocean_menu_typo_font_subset":"","ocean_menu_typo_font_size":0,"ocean_menu_typo_font_size_tablet":0,"ocean_menu_typo_font_size_mobile":0,"ocean_menu_typo_font_size_unit":"px","ocean_menu_typo_font_weight":"","ocean_menu_typo_font_weight_tablet":"","ocean_menu_typo_font_weight_mobile":"","ocean_menu_typo_transform":"","ocean_menu_typo_transform_tablet":"","ocean_menu_typo_transform_mobile":"","ocean_menu_typo_line_height":0,"ocean_menu_typo_line_height_tablet":0,"ocean_menu_typo_line_height_mobile":0,"ocean_menu_typo_line_height_unit":"","ocean_menu_typo_spacing":0,"ocean_menu_typo_spacing_tablet":0,"ocean_menu_typo_spacing_mobile":0,"ocean_menu_typo_spacing_unit":"","ocean_menu_link_color":"","ocean_menu_link_color_hover":"","ocean_menu_link_color_active":"","ocean_menu_link_background":"","ocean_menu_link_hover_background":"","ocean_menu_link_active_background":"","ocean_menu_social_links_bg":"","ocean_menu_social_hover_links_bg":"","ocean_menu_social_links_color":"","ocean_menu_social_hover_links_color":"","ocean_disable_title":"default","ocean_disable_heading":"default","ocean_post_title":"","ocean_post_subheading":"","ocean_post_title_style":"","ocean_post_title_background_color":"","ocean_post_title_background":0,"ocean_post_title_bg_image_position":"","ocean_post_title_bg_image_attachment":"","ocean_post_title_bg_image_repeat":"","ocean_post_title_bg_image_size":"","ocean_post_title_height":0,"ocean_post_title_bg_overlay":0.5,"ocean_post_title_bg_overlay_color":"","ocean_disable_breadcrumbs":"default","ocean_breadcrumbs_color":"","ocean_breadcrumbs_separator_color":"","ocean_breadcrumbs_links_color":"","ocean_breadcrumbs_links_hover_color":"","ocean_display_footer_widgets":"default","ocean_display_footer_bottom":"default","ocean_custom_footer_template":"0","_jetpack_memberships_contains_paid_content":false,"ocean_post_oembed":"","ocean_post_self_hosted_media":"","ocean_post_video_embed":"","ocean_link_format":"","ocean_link_format_target":"self","ocean_quote_format":"","ocean_quote_format_link":"post","ocean_gallery_link_images":"off","ocean_gallery_id":[2351,2352],"footnotes":""},"categories":[1],"tags":[],"class_list":["post-2350","post","type-post","status-publish","format-standard","hentry","category-sin-categoria","entry"],"jetpack_featured_media_url":"","jetpack-related-posts":[{"id":2375,"url":"https:\/\/casadelacorte.evolucion.center\/?p=2375","url_meta":{"origin":2350,"position":0},"title":"La triste historia de Pedro, el director de un parque natural","author":"casadelacorte.evolucion.center","date":"27 de septiembre de 2023","format":false,"excerpt":"Hab\u00eda una vez un director de un parque natural llamado Pedro. Aunque se supon\u00eda que Pedro deb\u00eda proteger y preservar la belleza natural del parque, result\u00f3 ser un l\u00edder inepto e irresponsable. En lugar de cuidar del parque y sus habitantes, permiti\u00f3 que se construyera un enorme y ruidoso pozo\u2026","rel":"","context":"En \u00abSin categor\u00eda\u00bb","block_context":{"text":"Sin categor\u00eda","link":"https:\/\/casadelacorte.evolucion.center\/?cat=1"},"img":{"alt_text":"","src":"https:\/\/i0.wp.com\/casadelacorte.evolucion.center\/wp-content\/uploads\/2023\/09\/Cascada-Molinos-antes-de-la-puesta-en-marcha-del-pozo-de-Giahsa-en-julio-de-2023-1.jpg?resize=350%2C200&ssl=1","width":350,"height":200,"srcset":"https:\/\/i0.wp.com\/casadelacorte.evolucion.center\/wp-content\/uploads\/2023\/09\/Cascada-Molinos-antes-de-la-puesta-en-marcha-del-pozo-de-Giahsa-en-julio-de-2023-1.jpg?resize=350%2C200&ssl=1 1x, https:\/\/i0.wp.com\/casadelacorte.evolucion.center\/wp-content\/uploads\/2023\/09\/Cascada-Molinos-antes-de-la-puesta-en-marcha-del-pozo-de-Giahsa-en-julio-de-2023-1.jpg?resize=525%2C300&ssl=1 1.5x"},"classes":[]},{"id":2360,"url":"https:\/\/casadelacorte.evolucion.center\/?p=2360","url_meta":{"origin":2350,"position":1},"title":"El guardi\u00e1n del bosque y el r\u00edo de estrellas","author":"casadelacorte.evolucion.center","date":"19 de septiembre de 2023","format":false,"excerpt":"El guardi\u00e1n del bosque y el r\u00edo de estrellas Jos\u00e9 Carlos Cuerda El-guardian-del-bosque-y-el-rio-de-estrellasDescarga El guardi\u00e1n del bosque era un anciano sabio y bondadoso que velaba por el equilibrio de la naturaleza. Su esp\u00edritu era puro y luminoso, y en las arrugas de su rostro se reflejaban ramas visibles e invisibles\u2026","rel":"","context":"En \u00abSin categor\u00eda\u00bb","block_context":{"text":"Sin categor\u00eda","link":"https:\/\/casadelacorte.evolucion.center\/?cat=1"},"img":{"alt_text":"","src":"https:\/\/i0.wp.com\/casadelacorte.evolucion.center\/wp-content\/uploads\/2023\/09\/Cascada-Molinos-tras-la-puesta-en-marcha-del-pozo-de-Giahsa-en-julio-de-2023-1.jpg?resize=350%2C200&ssl=1","width":350,"height":200,"srcset":"https:\/\/i0.wp.com\/casadelacorte.evolucion.center\/wp-content\/uploads\/2023\/09\/Cascada-Molinos-tras-la-puesta-en-marcha-del-pozo-de-Giahsa-en-julio-de-2023-1.jpg?resize=350%2C200&ssl=1 1x, https:\/\/i0.wp.com\/casadelacorte.evolucion.center\/wp-content\/uploads\/2023\/09\/Cascada-Molinos-tras-la-puesta-en-marcha-del-pozo-de-Giahsa-en-julio-de-2023-1.jpg?resize=525%2C300&ssl=1 1.5x, https:\/\/i0.wp.com\/casadelacorte.evolucion.center\/wp-content\/uploads\/2023\/09\/Cascada-Molinos-tras-la-puesta-en-marcha-del-pozo-de-Giahsa-en-julio-de-2023-1.jpg?resize=700%2C400&ssl=1 2x, https:\/\/i0.wp.com\/casadelacorte.evolucion.center\/wp-content\/uploads\/2023\/09\/Cascada-Molinos-tras-la-puesta-en-marcha-del-pozo-de-Giahsa-en-julio-de-2023-1.jpg?resize=1050%2C600&ssl=1 3x"},"classes":[]},{"id":2358,"url":"https:\/\/casadelacorte.evolucion.center\/?p=2358","url_meta":{"origin":2350,"position":2},"title":"El guardi\u00e1n del bosque que amaneci\u00f3 mudo y manco","author":"casadelacorte.evolucion.center","date":"19 de septiembre de 2023","format":false,"excerpt":"El guardi\u00e1n del bosque que amaneci\u00f3 mudo y manco Jos\u00e9 Carlos Cuerda El-guardian-del-bosque-que-amanecio-mudo-y-mancoDescarga Hab\u00eda una vez un guardi\u00e1n del bosque que se encargaba de cuidar y proteger a todos los animales y plantas que viv\u00edan all\u00ed. Era un hombre muy sabio y bondadoso que amaba su trabajo. Cada d\u00eda recorr\u00eda\u2026","rel":"","context":"En \u00abSin categor\u00eda\u00bb","block_context":{"text":"Sin categor\u00eda","link":"https:\/\/casadelacorte.evolucion.center\/?cat=1"},"img":{"alt_text":"","src":"https:\/\/i0.wp.com\/casadelacorte.evolucion.center\/wp-content\/uploads\/2023\/09\/Cascada-Molinos-tras-la-puesta-en-marcha-del-pozo-de-Giahsa-en-julio-de-2023-1.jpg?resize=350%2C200&ssl=1","width":350,"height":200,"srcset":"https:\/\/i0.wp.com\/casadelacorte.evolucion.center\/wp-content\/uploads\/2023\/09\/Cascada-Molinos-tras-la-puesta-en-marcha-del-pozo-de-Giahsa-en-julio-de-2023-1.jpg?resize=350%2C200&ssl=1 1x, https:\/\/i0.wp.com\/casadelacorte.evolucion.center\/wp-content\/uploads\/2023\/09\/Cascada-Molinos-tras-la-puesta-en-marcha-del-pozo-de-Giahsa-en-julio-de-2023-1.jpg?resize=525%2C300&ssl=1 1.5x, https:\/\/i0.wp.com\/casadelacorte.evolucion.center\/wp-content\/uploads\/2023\/09\/Cascada-Molinos-tras-la-puesta-en-marcha-del-pozo-de-Giahsa-en-julio-de-2023-1.jpg?resize=700%2C400&ssl=1 2x, https:\/\/i0.wp.com\/casadelacorte.evolucion.center\/wp-content\/uploads\/2023\/09\/Cascada-Molinos-tras-la-puesta-en-marcha-del-pozo-de-Giahsa-en-julio-de-2023-1.jpg?resize=1050%2C600&ssl=1 3x"},"classes":[]},{"id":2354,"url":"https:\/\/casadelacorte.evolucion.center\/?p=2354","url_meta":{"origin":2350,"position":3},"title":"Diego y la Cascada de los Molinos","author":"casadelacorte.evolucion.center","date":"19 de septiembre de 2023","format":false,"excerpt":"Hab\u00eda una vez una cascada que viv\u00eda en lo alto de una monta\u00f1a. Era una cascada muy feliz, porque le encantaba sentir las grandes piedras de los molinos girando con la fuerza de su agua, a los campesinos con sus sacos de trigo, y a los ni\u00f1os jugando en sus\u2026","rel":"","context":"En \u00abSin categor\u00eda\u00bb","block_context":{"text":"Sin categor\u00eda","link":"https:\/\/casadelacorte.evolucion.center\/?cat=1"},"img":{"alt_text":"","src":"https:\/\/i0.wp.com\/casadelacorte.evolucion.center\/wp-content\/uploads\/2023\/09\/Cascada-Molinos-antes-de-la-puesta-en-marcha-del-pozo-de-Giahsa-en-julio-de-2023-1.jpg?resize=350%2C200&ssl=1","width":350,"height":200,"srcset":"https:\/\/i0.wp.com\/casadelacorte.evolucion.center\/wp-content\/uploads\/2023\/09\/Cascada-Molinos-antes-de-la-puesta-en-marcha-del-pozo-de-Giahsa-en-julio-de-2023-1.jpg?resize=350%2C200&ssl=1 1x, https:\/\/i0.wp.com\/casadelacorte.evolucion.center\/wp-content\/uploads\/2023\/09\/Cascada-Molinos-antes-de-la-puesta-en-marcha-del-pozo-de-Giahsa-en-julio-de-2023-1.jpg?resize=525%2C300&ssl=1 1.5x"},"classes":[]},{"id":2377,"url":"https:\/\/casadelacorte.evolucion.center\/?p=2377","url_meta":{"origin":2350,"position":4},"title":"Peces, anfibios, aves y mam\u00edferos amenazados por la sobreexplotaci\u00f3n de los acu\u00edferos de la Sierra de Aracena","author":"casadelacorte.evolucion.center","date":"1 de octubre de 2023","format":false,"excerpt":"Peces, anfibios, aves y mam\u00edferos amenazados por la sobreexplotaci\u00f3n de los acu\u00edferos de la Sierra de Aracena Jos\u00e9 Carlos Cuerda Los arroyos de la Sierra de Aracena son una fuente de vida para numerosas especies de animales y plantas que habitan en este espacio natural. Estos cursos de agua, que\u2026","rel":"","context":"En \u00abSin categor\u00eda\u00bb","block_context":{"text":"Sin categor\u00eda","link":"https:\/\/casadelacorte.evolucion.center\/?cat=1"},"img":{"alt_text":"","src":"https:\/\/i0.wp.com\/casadelacorte.evolucion.center\/wp-content\/uploads\/2023\/10\/calandino-150x150.jpeg?resize=350%2C200&ssl=1","width":350,"height":200},"classes":[]},{"id":1402,"url":"https:\/\/casadelacorte.evolucion.center\/?p=1402","url_meta":{"origin":2350,"position":5},"title":"21 rutas de senderismo en la Sierra de Aracena.","author":"casadelacorte.evolucion.center","date":"6 de octubre de 2020","format":false,"excerpt":"21 rutas de senderismo en la Sierra de Aracena. 200 km de senderos para los amantes de la naturaleza El turismo activo es una de las maneras m\u00e1s m\u00e1gicas de disfrutar de la naturaleza, gracias al estrecho v\u00ednculo que el viajero establece con el entorno natural visitado. Este contacto permite,\u2026","rel":"","context":"En \u00abSin categor\u00eda\u00bb","block_context":{"text":"Sin categor\u00eda","link":"https:\/\/casadelacorte.evolucion.center\/?cat=1"},"img":{"alt_text":"rutas de senderismo en la Sierra de Aracena","src":"https:\/\/i0.wp.com\/casadelacorte.evolucion.center\/wp-content\/uploads\/2020\/10\/senderos-en-la-sierra-de-aracena.jpg?resize=350%2C200&ssl=1","width":350,"height":200,"srcset":"https:\/\/i0.wp.com\/casadelacorte.evolucion.center\/wp-content\/uploads\/2020\/10\/senderos-en-la-sierra-de-aracena.jpg?resize=350%2C200&ssl=1 1x, https:\/\/i0.wp.com\/casadelacorte.evolucion.center\/wp-content\/uploads\/2020\/10\/senderos-en-la-sierra-de-aracena.jpg?resize=525%2C300&ssl=1 1.5x, https:\/\/i0.wp.com\/casadelacorte.evolucion.center\/wp-content\/uploads\/2020\/10\/senderos-en-la-sierra-de-aracena.jpg?resize=700%2C400&ssl=1 2x"},"classes":[]}],"jetpack_sharing_enabled":true,"_links":{"self":[{"href":"https:\/\/casadelacorte.evolucion.center\/index.php?rest_route=\/wp\/v2\/posts\/2350","targetHints":{"allow":["GET"]}}],"collection":[{"href":"https:\/\/casadelacorte.evolucion.center\/index.php?rest_route=\/wp\/v2\/posts"}],"about":[{"href":"https:\/\/casadelacorte.evolucion.center\/index.php?rest_route=\/wp\/v2\/types\/post"}],"author":[{"embeddable":true,"href":"https:\/\/casadelacorte.evolucion.center\/index.php?rest_route=\/wp\/v2\/users\/1"}],"replies":[{"embeddable":true,"href":"https:\/\/casadelacorte.evolucion.center\/index.php?rest_route=%2Fwp%2Fv2%2Fcomments&post=2350"}],"version-history":[{"count":3,"href":"https:\/\/casadelacorte.evolucion.center\/index.php?rest_route=\/wp\/v2\/posts\/2350\/revisions"}],"predecessor-version":[{"id":2371,"href":"https:\/\/casadelacorte.evolucion.center\/index.php?rest_route=\/wp\/v2\/posts\/2350\/revisions\/2371"}],"wp:attachment":[{"href":"https:\/\/casadelacorte.evolucion.center\/index.php?rest_route=%2Fwp%2Fv2%2Fmedia&parent=2350"}],"wp:term":[{"taxonomy":"category","embeddable":true,"href":"https:\/\/casadelacorte.evolucion.center\/index.php?rest_route=%2Fwp%2Fv2%2Fcategories&post=2350"},{"taxonomy":"post_tag","embeddable":true,"href":"https:\/\/casadelacorte.evolucion.center\/index.php?rest_route=%2Fwp%2Fv2%2Ftags&post=2350"}],"curies":[{"name":"wp","href":"https:\/\/api.w.org\/{rel}","templated":true}]}}